{"id":92423,"date":"2023-01-31T14:25:35","date_gmt":"2023-01-31T20:25:35","guid":{"rendered":"https:\/\/nvnoticias.mx\/?p=92423"},"modified":"2023-01-31T14:25:36","modified_gmt":"2023-01-31T20:25:36","slug":"rehabilitaran-casetas-de-la-policia-pero-faltan-elementos-para-cuidarlas","status":"publish","type":"post","link":"https:\/\/nvnoticias.mx\/index.php\/2023\/01\/31\/rehabilitaran-casetas-de-la-policia-pero-faltan-elementos-para-cuidarlas\/","title":{"rendered":"Rehabilitar\u00e1n casetas de la polic\u00eda pero faltan elementos para cuidarlas"},"content":{"rendered":"\n<p><strong>Jes\u00fas Utrilla \/ NV Noticias<\/strong><\/p>\n\n\n\n<p>Se requiere la contrataci\u00f3n de m\u00e1s elementos polic\u00edacos para las casetas que se estar\u00e1n rehabilitando en el municipio de Veracruz, se\u00f1al\u00f3 el comandante de la Polic\u00eda Municipal, Jos\u00e9 Miguel Rodriguez. <\/p>\n\n\n\n<p>Explic\u00f3 que todo el a\u00f1o existe un porcentaje de elementos que renuncian por actividades o intereses personales. <\/p>\n\n\n\n<p>Actualmente la Polic\u00eda Municipal cuenta con 300 elementos y necesitan alrededor de 900, por ello la convocatoria estar\u00e1 abierta permanentemente. <\/p>\n\n\n\n<p>Incluso la caseta de polic\u00eda que se est\u00e1 construyendo en el Fraccionamiento Laguna Real ser\u00e1 operada con el mando \u00fanico. <\/p>\n\n\n\n<blockquote class=\"wp-block-quote is-layout-flow wp-block-quote-is-layout-flow\"><p>&#8220;<em>Tenemos muchas casetas por habilitar, pero lo que realmente nos hace falta es el personal. Por parte de gobierno del estado se tienen alrededor de 15 casetas en diversas colonias del municipio pero de nada nos sirven las casetas sin polic\u00edas<\/em>\u201d.<\/p><\/blockquote>\n\n\n\n<p>Ya se efect\u00faa un an\u00e1lisis de d\u00f3nde habilitar casetas en funci\u00f3n de la incidencia delictiva de la ciudad. <\/p>\n\n\n\n<p>Adem\u00e1s en la conurbaci\u00f3n hay muchas casetas que rehabilitar, sin embargo, lo que m\u00e1s les hace falta son elementos policiacos para cubrirlas todas. <\/p>\n\n\n\n<p>Record\u00f3 que es f\u00e1cil conseguir polic\u00edas y sobre todo que cumplan con un proceso y una serie de requisitos marcados por ley, pero la convocatoria est\u00e1 permanentemente abierta. <\/p>\n\n\n\n<p>Record\u00f3 que la polic\u00eda de proximidad es el primer contacto con los ciudadanos y importante contar con m\u00e1s elementos.<\/p>\n","protected":false},"excerpt":{"rendered":"<p>Jes\u00fas Utrilla \/ NV Noticias Se requiere la contrataci\u00f3n de m\u00e1s elementos polic\u00edacos para las casetas que se estar\u00e1n rehabilitando en el municipio de Veracruz, se\u00f1al\u00f3 el comandante de la Polic\u00eda Municipal, Jos\u00e9 Miguel Rodriguez. Explic\u00f3 que todo el a\u00f1o existe un porcentaje de elementos que renuncian por actividades o intereses personales. Actualmente la Polic\u00eda [&hellip;]<\/p>\n","protected":false},"author":8,"featured_media":92426,"comment_status":"open","ping_status":"open","sticky":false,"template":"","format":"standard","meta":{"_monsterinsights_skip_tracking":false,"_monsterinsights_sitenote_active":false,"_monsterinsights_sitenote_note":"","_monsterinsights_sitenote_category":0,"footnotes":""},"categories":[154],"tags":[22893,367],"class_list":["post-92423","post","type-post","status-publish","format-standard","has-post-thumbnail","hentry","category-veracruz","tag-casetas-de-policia","tag-rehabilitacion","wp-image-borders"],"amp_enabled":true,"_links":{"self":[{"href":"https:\/\/nvnoticias.mx\/index.php\/wp-json\/wp\/v2\/posts\/92423","targetHints":{"allow":["GET"]}}],"collection":[{"href":"https:\/\/nvnoticias.mx\/index.php\/wp-json\/wp\/v2\/posts"}],"about":[{"href":"https:\/\/nvnoticias.mx\/index.php\/wp-json\/wp\/v2\/types\/post"}],"author":[{"embeddable":true,"href":"https:\/\/nvnoticias.mx\/index.php\/wp-json\/wp\/v2\/users\/8"}],"replies":[{"embeddable":true,"href":"https:\/\/nvnoticias.mx\/index.php\/wp-json\/wp\/v2\/comments?post=92423"}],"version-history":[{"count":1,"href":"https:\/\/nvnoticias.mx\/index.php\/wp-json\/wp\/v2\/posts\/92423\/revisions"}],"predecessor-version":[{"id":92427,"href":"https:\/\/nvnoticias.mx\/index.php\/wp-json\/wp\/v2\/posts\/92423\/revisions\/92427"}],"wp:featuredmedia":[{"embeddable":true,"href":"https:\/\/nvnoticias.mx\/index.php\/wp-json\/wp\/v2\/media\/92426"}],"wp:attachment":[{"href":"https:\/\/nvnoticias.mx\/index.php\/wp-json\/wp\/v2\/media?parent=92423"}],"wp:term":[{"taxonomy":"category","embeddable":true,"href":"https:\/\/nvnoticias.mx\/index.php\/wp-json\/wp\/v2\/categories?post=92423"},{"taxonomy":"post_tag","embeddable":true,"href":"https:\/\/nvnoticias.mx\/index.php\/wp-json\/wp\/v2\/tags?post=92423"}],"curies":[{"name":"wp","href":"https:\/\/api.w.org\/{rel}","templated":true}]}}