{"id":92413,"date":"2023-01-31T14:06:26","date_gmt":"2023-01-31T20:06:26","guid":{"rendered":"https:\/\/nvnoticias.mx\/?p=92413"},"modified":"2023-01-31T14:06:27","modified_gmt":"2023-01-31T20:06:27","slug":"veracruz-no-reporta-homicidios-dolosos-al-iniciar-semana","status":"publish","type":"post","link":"https:\/\/nvnoticias.mx\/index.php\/2023\/01\/31\/veracruz-no-reporta-homicidios-dolosos-al-iniciar-semana\/","title":{"rendered":"Veracruz no reporta homicidios dolosos al iniciar semana"},"content":{"rendered":"\n<p><strong>Sam Ojeda\u00a0\/ NV Noticias<\/strong><\/p>\n\n\n\n<p>Xalapa.-&nbsp; El gobernador Cuitl\u00e1huac Garc\u00eda Jim\u00e9nez dio a conocer que de lunes a martes no se registraron homicidios dolosos en la entidad veracruzana.&nbsp;<\/p>\n\n\n\n<p>El Gobernador tambi\u00e9n dio a conocer que se registr\u00f3 la detenci\u00f3n de 13 personas en distintos puntos del estado.&nbsp;<\/p>\n\n\n\n<p>Al menos seis de las detenciones est\u00e1n relacionadas con el delito de narcomenudeo en municipios como Minatitl\u00e1n, Poza Rica, Tlapacoyan, Nanchital, entre otros.&nbsp;<\/p>\n\n\n\n<blockquote class=\"wp-block-quote is-layout-flow wp-block-quote-is-layout-flow\"><p>\u201c<em>Reunidos en Nogales SSP informa la detenci\u00f3n de 13 personas de los cuales 6 est\u00e1n relacionados al delito de narcomenudeo, en Minatitl\u00e1n, Poza Rica, Tlapacoyan, Nanchital y Xalapa<\/em>\u201d, detall\u00f3.<\/p><\/blockquote>\n\n\n\n<p>Garc\u00eda Jim\u00e9nez coment\u00f3 a trav\u00e9s de sus redes sociales que entre los delitos se encuentran Iv\u00e1n \u201cN\u201d, Rogelio de Jes\u00fas \u201cN\u201d, Jonathan Eliot \u201cN\u201d, Salvador \u201cN\u201d, Emilio \u201cN\u201d y Ra\u00fal de Jes\u00fas \u201cN\u201d.&nbsp;<\/p>\n\n\n\n<p>Y que en la mesa de seguridad la Fiscal\u00eda General del Estado inform\u00f3 sobre el hallazgo de un cuerpo en el municipio de Nanchital.<\/p>\n\n\n\n<p>El cuerpo tendr\u00e1 m\u00e1s de cinco d\u00edas desde su fallecimiento y se realizar\u00e1n estudios forenses para conocer las causas del deceso.<\/p>\n","protected":false},"excerpt":{"rendered":"<p>Sam Ojeda\u00a0\/ NV Noticias Xalapa.-&nbsp; El gobernador Cuitl\u00e1huac Garc\u00eda Jim\u00e9nez dio a conocer que de lunes a martes no se registraron homicidios dolosos en la entidad veracruzana.&nbsp; El Gobernador tambi\u00e9n dio a conocer que se registr\u00f3 la detenci\u00f3n de 13 personas en distintos puntos del estado.&nbsp; Al menos seis de las detenciones est\u00e1n relacionadas con [&hellip;]<\/p>\n","protected":false},"author":8,"featured_media":71859,"comment_status":"open","ping_status":"open","sticky":false,"template":"","format":"standard","meta":{"_monsterinsights_skip_tracking":false,"_monsterinsights_sitenote_active":false,"_monsterinsights_sitenote_note":"","_monsterinsights_sitenote_category":0,"footnotes":""},"categories":[156],"tags":[7498,180],"class_list":["post-92413","post","type-post","status-publish","format-standard","has-post-thumbnail","hentry","category-estado","tag-homicidios-dolosos","tag-veracruz","wp-image-borders"],"amp_enabled":true,"_links":{"self":[{"href":"https:\/\/nvnoticias.mx\/index.php\/wp-json\/wp\/v2\/posts\/92413","targetHints":{"allow":["GET"]}}],"collection":[{"href":"https:\/\/nvnoticias.mx\/index.php\/wp-json\/wp\/v2\/posts"}],"about":[{"href":"https:\/\/nvnoticias.mx\/index.php\/wp-json\/wp\/v2\/types\/post"}],"author":[{"embeddable":true,"href":"https:\/\/nvnoticias.mx\/index.php\/wp-json\/wp\/v2\/users\/8"}],"replies":[{"embeddable":true,"href":"https:\/\/nvnoticias.mx\/index.php\/wp-json\/wp\/v2\/comments?post=92413"}],"version-history":[{"count":1,"href":"https:\/\/nvnoticias.mx\/index.php\/wp-json\/wp\/v2\/posts\/92413\/revisions"}],"predecessor-version":[{"id":92414,"href":"https:\/\/nvnoticias.mx\/index.php\/wp-json\/wp\/v2\/posts\/92413\/revisions\/92414"}],"wp:featuredmedia":[{"embeddable":true,"href":"https:\/\/nvnoticias.mx\/index.php\/wp-json\/wp\/v2\/media\/71859"}],"wp:attachment":[{"href":"https:\/\/nvnoticias.mx\/index.php\/wp-json\/wp\/v2\/media?parent=92413"}],"wp:term":[{"taxonomy":"category","embeddable":true,"href":"https:\/\/nvnoticias.mx\/index.php\/wp-json\/wp\/v2\/categories?post=92413"},{"taxonomy":"post_tag","embeddable":true,"href":"https:\/\/nvnoticias.mx\/index.php\/wp-json\/wp\/v2\/tags?post=92413"}],"curies":[{"name":"wp","href":"https:\/\/api.w.org\/{rel}","templated":true}]}}