{"id":92409,"date":"2023-01-31T13:23:27","date_gmt":"2023-01-31T19:23:27","guid":{"rendered":"https:\/\/nvnoticias.mx\/?p=92409"},"modified":"2023-01-31T13:23:29","modified_gmt":"2023-01-31T19:23:29","slug":"rehabilitan-el-parque-los-pinitos-e-instalan-caseta-de-la-policia","status":"publish","type":"post","link":"https:\/\/nvnoticias.mx\/index.php\/2023\/01\/31\/rehabilitan-el-parque-los-pinitos-e-instalan-caseta-de-la-policia\/","title":{"rendered":"Rehabilitan el Parque Los Pinitos e instalan caseta de la polic\u00eda"},"content":{"rendered":"\n<p><strong>Jes\u00fas Utrilla \/ NV Noticias<\/strong><\/p>\n\n\n\n<p>La alcaldesa Patricia Lobeira Rodr\u00edguez\u00a0 inaugur\u00f3 la rehabilitaci\u00f3n del Parque \u201cLos Pinitos\u201d ubicado en el\u00a0 Bulevar Fidel Vel\u00e1zquez, de la Colonia Formando Hogar.<\/p>\n\n\n\n<p>Inform\u00f3 que se ejerci\u00f3 una inversi\u00f3n de 2\u00a0 millones 800 mil pesos. Se instal\u00f3 la nueva caseta de polic\u00eda.<\/p>\n\n\n\n<p>Dijo que durante este a\u00f1o se buscar\u00e1 rescatar espacios p\u00fablicos por ello, el siguiente parque en el que habr\u00e1 inversiones es Ecol\u00f3gico.<\/p>\n\n\n\n<p>En el caso de Los Pinitos se habilit\u00f3 espacio para las mascotas, se rehabilitaron asadores y mesas.<\/p>\n\n\n\n<blockquote class=\"wp-block-quote is-layout-flow wp-block-quote-is-layout-flow\"><p>\u201c<em>Se hicieron tambi\u00e9n canchas, pusimos postes para iluminar m\u00e1s el parque y plantas. Tenemos m\u00e1s seguridad porque tambi\u00e9n se rehabilit\u00f3 la caseta de la polic\u00eda<\/em>\u201d.\u00a0<\/p><\/blockquote>\n\n\n\n<p>Por otro lado afirm\u00f3 que los pescadores quedaron contentos con la realizaci\u00f3n de la Feria Gastron\u00f3mica porque pusieron recaudar m\u00e1s de 250 mil pesos y seguir\u00e1 la din\u00e1mica de las ferias de ese tipo.<\/p>\n\n\n\n<p>En breve se presentar\u00e1n m\u00e1s acciones a favor de los pescadores de la ciudad de Veracruz.<\/p>\n\n\n\n<blockquote class=\"wp-block-quote is-layout-flow wp-block-quote-is-layout-flow\"><p>\u201c<em>En una semanas vas vamos a estar anunciando el sistema de apoyos que vamos a estar brindando a todos ellos, a\u00fan no se los hemos dado a conocer. Adem\u00e1s, en breve podr\u00edamos tener una nueva feria gastron\u00f3mic<\/em>a\u201d.<\/p><\/blockquote>\n\n\n\n<p>Reiter\u00f3 que su administraci\u00f3n seguir\u00e1 trabajando para que los veracruzanos puedan seguir gozando mejores espacios p\u00fablicos.<\/p>\n","protected":false},"excerpt":{"rendered":"<p>Jes\u00fas Utrilla \/ NV Noticias La alcaldesa Patricia Lobeira Rodr\u00edguez\u00a0 inaugur\u00f3 la rehabilitaci\u00f3n del Parque \u201cLos Pinitos\u201d ubicado en el\u00a0 Bulevar Fidel Vel\u00e1zquez, de la Colonia Formando Hogar. Inform\u00f3 que se ejerci\u00f3 una inversi\u00f3n de 2\u00a0 millones 800 mil pesos. Se instal\u00f3 la nueva caseta de polic\u00eda. Dijo que durante este a\u00f1o se buscar\u00e1 rescatar [&hellip;]<\/p>\n","protected":false},"author":8,"featured_media":92410,"comment_status":"open","ping_status":"open","sticky":false,"template":"","format":"standard","meta":{"_monsterinsights_skip_tracking":false,"_monsterinsights_sitenote_active":false,"_monsterinsights_sitenote_note":"","_monsterinsights_sitenote_category":0,"footnotes":""},"categories":[154],"tags":[22890,367],"class_list":["post-92409","post","type-post","status-publish","format-standard","has-post-thumbnail","hentry","category-veracruz","tag-parque-los-pinitos","tag-rehabilitacion","wp-image-borders"],"amp_enabled":true,"_links":{"self":[{"href":"https:\/\/nvnoticias.mx\/index.php\/wp-json\/wp\/v2\/posts\/92409","targetHints":{"allow":["GET"]}}],"collection":[{"href":"https:\/\/nvnoticias.mx\/index.php\/wp-json\/wp\/v2\/posts"}],"about":[{"href":"https:\/\/nvnoticias.mx\/index.php\/wp-json\/wp\/v2\/types\/post"}],"author":[{"embeddable":true,"href":"https:\/\/nvnoticias.mx\/index.php\/wp-json\/wp\/v2\/users\/8"}],"replies":[{"embeddable":true,"href":"https:\/\/nvnoticias.mx\/index.php\/wp-json\/wp\/v2\/comments?post=92409"}],"version-history":[{"count":1,"href":"https:\/\/nvnoticias.mx\/index.php\/wp-json\/wp\/v2\/posts\/92409\/revisions"}],"predecessor-version":[{"id":92411,"href":"https:\/\/nvnoticias.mx\/index.php\/wp-json\/wp\/v2\/posts\/92409\/revisions\/92411"}],"wp:featuredmedia":[{"embeddable":true,"href":"https:\/\/nvnoticias.mx\/index.php\/wp-json\/wp\/v2\/media\/92410"}],"wp:attachment":[{"href":"https:\/\/nvnoticias.mx\/index.php\/wp-json\/wp\/v2\/media?parent=92409"}],"wp:term":[{"taxonomy":"category","embeddable":true,"href":"https:\/\/nvnoticias.mx\/index.php\/wp-json\/wp\/v2\/categories?post=92409"},{"taxonomy":"post_tag","embeddable":true,"href":"https:\/\/nvnoticias.mx\/index.php\/wp-json\/wp\/v2\/tags?post=92409"}],"curies":[{"name":"wp","href":"https:\/\/api.w.org\/{rel}","templated":true}]}}