{"id":92400,"date":"2023-01-31T12:48:03","date_gmt":"2023-01-31T18:48:03","guid":{"rendered":"https:\/\/nvnoticias.mx\/?p=92400"},"modified":"2023-01-31T12:48:04","modified_gmt":"2023-01-31T18:48:04","slug":"rompen-miranda-kerr-y-katy-perry-estereotipos-y-muentran-su-amistad","status":"publish","type":"post","link":"https:\/\/nvnoticias.mx\/index.php\/2023\/01\/31\/rompen-miranda-kerr-y-katy-perry-estereotipos-y-muentran-su-amistad\/","title":{"rendered":"Rompen Miranda Kerr y Katy Perry estereotipos y muentran su amistad"},"content":{"rendered":"\n<p><strong>Katy Perry y Miranda Kerr\u00a0<\/strong>siempre han mantenido una relaci\u00f3n muy cordial y amistosa, a pesar de que la cultura popular tiende a atribuir cierto grado de rivalidad a aquellas mujeres que han estado con el mismo hombre.<\/p>\n\n\n\n<p>Para evitar especulaciones al respecto y demostrar personalmente que ambas se consideran &#8220;hermanas&#8221;, las dos artistas posaron juntas y sonrientes en la alfombra roja de la Gala de las Artes G&#8217;Day, celebrada este fin de semana en Los \u00c1ngeles.<\/p>\n\n\n\n<p>Por si eso no bastara, la cantante fue la encargada de entregarle a la modelo el premio honor\u00edfico de la jornada, ofreciendo para ello un poderoso discurso sobre la sororidad.<\/p>\n\n\n\n<p>La propia\u00a0<strong>Katy\u00a0<\/strong>reconoci\u00f3 sobre el escenario que, al menos para algunos, podr\u00eda resultar chocante que ella fuera la elegida para jugar un papel tan relevante en la gran noche de Miranda.<\/p>\n\n\n\n<blockquote class=\"wp-block-quote is-layout-flow wp-block-quote-is-layout-flow\"><p>&#8220;Puede que algunos est\u00e9n confundidos de que sea yo la encargada de presentar a Miranda. Eso no encaja en el cl\u00e1sico relato de que las parejas y las ex mujeres no pueden llevarse bien. Y es verdad, estoy segura de que hay gente a la que le encantar\u00eda vernos luchar en el barro. Pero estamos aqu\u00ed para dar la batalla por el amor, porque Miranda es amor&#8221;, dijo en la primera parte de su discurso.<\/p><\/blockquote>\n\n\n\n<blockquote class=\"wp-block-quote is-layout-flow wp-block-quote-is-layout-flow\"><p>&#8220;El amor puede manifestarse en diversos tipos de familias, como bien saben. Y yo me siento muy orgullosa de mi v\u00ednculo con una mujer que vive su d\u00eda a d\u00eda con gracia y belleza. Doy gracias por nuestra familia moderna. Para m\u00ed, he ganado una hermana, una con la que me llevo muy bien y con la que estoy de acuerdo en todo&#8221;, se\u00f1al\u00f3 sobre la estrella de las pasarelas, quien obtuvo el galard\u00f3n a la excelencia por su trabajo solidario y su compromiso con la defensa de los derechos de la mujer.<\/p><\/blockquote>\n\n\n\n<p>A diferencia de\u00a0<strong>Orlando Bloom<\/strong>, quien no asisti\u00f3 a la gala,\u00a0<strong>Evan Spiegel<\/strong>, actual pareja de Miranda, s\u00ed hizo acto de presencia en la ceremonia para mostrar p\u00fablicamente lo orgulloso que est\u00e1 de su esposa.<\/p>\n\n\n\n<p>La estrella del pop actualmente disfruta de una s\u00f3lida relaci\u00f3n sentimental con el actor, as\u00ed como de la paternidad compartida de la adorable\u00a0<strong>Daisy Dove<\/strong>, de dos a\u00f1os.<\/p>\n\n\n\n<p>Por su parte,\u00a0<strong>Miranda\u00a0<\/strong>estuvo casada con el astro de Hollywood entre los a\u00f1os 2010 y 2013, ambos tienen un hijo en com\u00fan,\u00a0<strong>Flynn<\/strong>, de 12 a\u00f1os, y ahora la modelo australiana vive un cuento de hadas con su esposo\u00a0<strong>Evan Spiegel<\/strong>, cofundador de la red social Snapchat y pap\u00e1 junto a Miranda de los peque\u00f1os\u00a0<strong>Hart\u00a0<\/strong>y\u00a0<strong>Miles<\/strong>, de cuatro y tres a\u00f1os, respectivamente.<\/p>\n\n\n\n<p>Fuente: <a href=\"https:\/\/www.quien.com\/espectaculos\/2023\/01\/30\/katy-perry-y-miranda-kerr-modern-family-en-alfombra-roja\" data-type=\"URL\" data-id=\"https:\/\/www.quien.com\/espectaculos\/2023\/01\/30\/katy-perry-y-miranda-kerr-modern-family-en-alfombra-roja\">Qui\u00e9n<\/a><\/p>\n","protected":false},"excerpt":{"rendered":"<p>Katy Perry y Miranda Kerr\u00a0siempre han mantenido una relaci\u00f3n muy cordial y amistosa, a pesar de que la cultura popular tiende a atribuir cierto grado de rivalidad a aquellas mujeres que han estado con el mismo hombre. Para evitar especulaciones al respecto y demostrar personalmente que ambas se consideran &#8220;hermanas&#8221;, las dos artistas posaron juntas [&hellip;]<\/p>\n","protected":false},"author":35,"featured_media":92401,"comment_status":"open","ping_status":"open","sticky":false,"template":"","format":"standard","meta":{"_monsterinsights_skip_tracking":false,"_monsterinsights_sitenote_active":false,"_monsterinsights_sitenote_note":"","_monsterinsights_sitenote_category":0,"footnotes":""},"categories":[576],"tags":[3043,22884,22885],"class_list":["post-92400","post","type-post","status-publish","format-standard","has-post-thumbnail","hentry","category-ocio","tag-katy-perry","tag-miranda-kerr","tag-orlando-bloom","wp-image-borders"],"amp_enabled":true,"_links":{"self":[{"href":"https:\/\/nvnoticias.mx\/index.php\/wp-json\/wp\/v2\/posts\/92400","targetHints":{"allow":["GET"]}}],"collection":[{"href":"https:\/\/nvnoticias.mx\/index.php\/wp-json\/wp\/v2\/posts"}],"about":[{"href":"https:\/\/nvnoticias.mx\/index.php\/wp-json\/wp\/v2\/types\/post"}],"author":[{"embeddable":true,"href":"https:\/\/nvnoticias.mx\/index.php\/wp-json\/wp\/v2\/users\/35"}],"replies":[{"embeddable":true,"href":"https:\/\/nvnoticias.mx\/index.php\/wp-json\/wp\/v2\/comments?post=92400"}],"version-history":[{"count":1,"href":"https:\/\/nvnoticias.mx\/index.php\/wp-json\/wp\/v2\/posts\/92400\/revisions"}],"predecessor-version":[{"id":92402,"href":"https:\/\/nvnoticias.mx\/index.php\/wp-json\/wp\/v2\/posts\/92400\/revisions\/92402"}],"wp:featuredmedia":[{"embeddable":true,"href":"https:\/\/nvnoticias.mx\/index.php\/wp-json\/wp\/v2\/media\/92401"}],"wp:attachment":[{"href":"https:\/\/nvnoticias.mx\/index.php\/wp-json\/wp\/v2\/media?parent=92400"}],"wp:term":[{"taxonomy":"category","embeddable":true,"href":"https:\/\/nvnoticias.mx\/index.php\/wp-json\/wp\/v2\/categories?post=92400"},{"taxonomy":"post_tag","embeddable":true,"href":"https:\/\/nvnoticias.mx\/index.php\/wp-json\/wp\/v2\/tags?post=92400"}],"curies":[{"name":"wp","href":"https:\/\/api.w.org\/{rel}","templated":true}]}}