{"id":92362,"date":"2023-01-31T11:54:47","date_gmt":"2023-01-31T17:54:47","guid":{"rendered":"https:\/\/nvnoticias.mx\/?p=92362"},"modified":"2023-01-31T11:54:48","modified_gmt":"2023-01-31T17:54:48","slug":"expone-amlo-que-el-fmi-presto-dinero-al-expresidente-de-argentina","status":"publish","type":"post","link":"https:\/\/nvnoticias.mx\/index.php\/2023\/01\/31\/expone-amlo-que-el-fmi-presto-dinero-al-expresidente-de-argentina\/","title":{"rendered":"Expone AMLO que el FMI prest\u00f3 dinero al expresidente de Argentina"},"content":{"rendered":"\n<p>El ministro de Seguridad de la Naci\u00f3n,&nbsp;<strong>An\u00edbal Fern\u00e1nde<\/strong>z, comparti\u00f3 ayer&nbsp;<strong>un video explicativo sobre por qu\u00e9 la Argentina est\u00e1 enormemente endeudada con el Fondo Monetario Internacional<\/strong>. \u00bfQui\u00e9n lo explica? Ni m\u00e1s ni menos que el presidente de M\u00e9xico,&nbsp;<strong>Andr\u00e9s Manuel L\u00f3pez Obrador, de gran relaci\u00f3n con Alberto Fern\u00e1ndez<\/strong>.<\/p>\n\n\n\n<p><strong>AMLO comenz\u00f3 su explicaci\u00f3n diciendo que el macrismo deber\u00eda estar \u201cavergonzado y pidiendo disculpas\u201d por el endeudamiento<\/strong>&nbsp;en el que sumergieron al pa\u00eds durante la gesti\u00f3n de Cambiemos (2015-2019).<\/p>\n\n\n\n<blockquote class=\"wp-block-quote is-layout-flow wp-block-quote-is-layout-flow\"><p><em><strong>\u201cLos conservadores que causaron el endeudamiento de la Argentina en complicidad con el FMI, ahora, como son los conservadores de hip\u00f3critas, le echan la culpa de todo a Alberto Fern\u00e1ndez\u201d<\/strong><\/em>, comenz\u00f3 diciendo para luego explayarse.<\/p><\/blockquote>\n\n\n\n<p>El jefe de Estado explic\u00f3&nbsp;la campa\u00f1a electoral de&nbsp;<strong>Mauricio Macri<\/strong>&nbsp;en 2019 y c\u00f3mo&nbsp;<strong>el organismo de cr\u00e9dito internacional incentiv\u00f3 su reelecci\u00f3n con una inyecci\u00f3n millonaria<\/strong>, aunque nunca lo logr\u00f3.<\/p>\n\n\n\n<blockquote class=\"wp-block-quote is-layout-flow wp-block-quote-is-layout-flow\"><p><em><strong>\u201cLes cuento as\u00ed breve: ven\u00edan unas elecciones y Macri, que era el presidente del conservadurismo, quer\u00eda reelegirse y eso \u00a0le conven\u00eda al gobierno de Estados Unidos, as\u00ed, hablando en plata (sic)\u201d<\/strong><\/em>, en referencia al uso de palabras que todos puedan entender.<\/p><\/blockquote>\n\n\n\n<blockquote class=\"wp-block-quote is-layout-flow wp-block-quote-is-layout-flow\"><p>Y continu\u00f3:\u00a0<em><strong>\u201cEntonces, para garantizar la reelecci\u00f3n de Macri, el Fondo Monetario Internacional, que no deber\u00eda meterse en cuestiones pol\u00edticas, pero claro que se mete, empez\u00f3 a darle dinero al gobierno de Argentina m\u00e1s all\u00e1 de la capacidad de pago\u201d<\/strong><\/em>.<\/p><\/blockquote>\n\n\n\n<blockquote class=\"wp-block-quote is-layout-flow wp-block-quote-is-layout-flow\"><p><em><strong>\u201cMacri pierde, porque ni con todo ese dinero gan\u00f3, y dejan a la Argentina completamente endeudada y en vez de ayudar a una renegociaci\u00f3n de la deuda para sacar adelante al pa\u00eds, se voltean y dejan solo al gobierno\u201d<\/strong><\/em>, explic\u00f3.<\/p><\/blockquote>\n\n\n\n<p>De esta forma, cont\u00f3 que con el paso del tiempo \u201cla situaci\u00f3n se fue agravando\u201d y ello trajo consigo la alta inflaci\u00f3n, la devaluaci\u00f3n del peso argentino&nbsp;<strong>\u201cy todo es por culpa de Alberto\u201d, ironiz\u00f3<\/strong>.<\/p>\n\n\n\n<blockquote class=\"wp-block-quote is-layout-flow wp-block-quote-is-layout-flow\"><p><em><strong>\u201cEsos mismos que endeudaron a la Argentina, que empobrecieron al pueblo, ahora son los paladines de la libertad y de la democracia. Y esos son los que ahora quieren regresar por sus fueros, como aqu\u00ed\u201d<\/strong><\/em>, concluy\u00f3 AMLO haciendo referencia que en M\u00e9xico viven una situaci\u00f3n similar con el ala conservadora de la pol\u00edtica.<\/p><\/blockquote>\n\n\n\n<p>Fuente: <a href=\"https:\/\/www.datadiario.com\/politica\/endeudamiento\/por-que-argentina-esta-endeudada-la-contundente-explicacion-de-lopez-obrador-202313113490\" data-type=\"URL\" data-id=\"https:\/\/www.datadiario.com\/politica\/endeudamiento\/por-que-argentina-esta-endeudada-la-contundente-explicacion-de-lopez-obrador-202313113490\">DataDiario<\/a><\/p>\n","protected":false},"excerpt":{"rendered":"<p>El ministro de Seguridad de la Naci\u00f3n,&nbsp;An\u00edbal Fern\u00e1ndez, comparti\u00f3 ayer&nbsp;un video explicativo sobre por qu\u00e9 la Argentina est\u00e1 enormemente endeudada con el Fondo Monetario Internacional. \u00bfQui\u00e9n lo explica? Ni m\u00e1s ni menos que el presidente de M\u00e9xico,&nbsp;Andr\u00e9s Manuel L\u00f3pez Obrador, de gran relaci\u00f3n con Alberto Fern\u00e1ndez. AMLO comenz\u00f3 su explicaci\u00f3n diciendo que el macrismo deber\u00eda [&hellip;]<\/p>\n","protected":false},"author":35,"featured_media":28726,"comment_status":"open","ping_status":"open","sticky":false,"template":"","format":"standard","meta":{"_monsterinsights_skip_tracking":false,"_monsterinsights_sitenote_active":false,"_monsterinsights_sitenote_note":"","_monsterinsights_sitenote_category":0,"footnotes":""},"categories":[158],"tags":[259,939,11961,8174,737,22876],"class_list":["post-92362","post","type-post","status-publish","format-standard","has-post-thumbnail","hentry","category-politica","tag-argentina","tag-dinero","tag-expone","tag-expresidente","tag-fmi","tag-presto","wp-image-borders"],"amp_enabled":true,"_links":{"self":[{"href":"https:\/\/nvnoticias.mx\/index.php\/wp-json\/wp\/v2\/posts\/92362","targetHints":{"allow":["GET"]}}],"collection":[{"href":"https:\/\/nvnoticias.mx\/index.php\/wp-json\/wp\/v2\/posts"}],"about":[{"href":"https:\/\/nvnoticias.mx\/index.php\/wp-json\/wp\/v2\/types\/post"}],"author":[{"embeddable":true,"href":"https:\/\/nvnoticias.mx\/index.php\/wp-json\/wp\/v2\/users\/35"}],"replies":[{"embeddable":true,"href":"https:\/\/nvnoticias.mx\/index.php\/wp-json\/wp\/v2\/comments?post=92362"}],"version-history":[{"count":1,"href":"https:\/\/nvnoticias.mx\/index.php\/wp-json\/wp\/v2\/posts\/92362\/revisions"}],"predecessor-version":[{"id":92365,"href":"https:\/\/nvnoticias.mx\/index.php\/wp-json\/wp\/v2\/posts\/92362\/revisions\/92365"}],"wp:featuredmedia":[{"embeddable":true,"href":"https:\/\/nvnoticias.mx\/index.php\/wp-json\/wp\/v2\/media\/28726"}],"wp:attachment":[{"href":"https:\/\/nvnoticias.mx\/index.php\/wp-json\/wp\/v2\/media?parent=92362"}],"wp:term":[{"taxonomy":"category","embeddable":true,"href":"https:\/\/nvnoticias.mx\/index.php\/wp-json\/wp\/v2\/categories?post=92362"},{"taxonomy":"post_tag","embeddable":true,"href":"https:\/\/nvnoticias.mx\/index.php\/wp-json\/wp\/v2\/tags?post=92362"}],"curies":[{"name":"wp","href":"https:\/\/api.w.org\/{rel}","templated":true}]}}