{"id":92337,"date":"2023-01-31T11:24:15","date_gmt":"2023-01-31T17:24:15","guid":{"rendered":"https:\/\/nvnoticias.mx\/?p=92337"},"modified":"2023-01-31T11:26:05","modified_gmt":"2023-01-31T17:26:05","slug":"del-1-al-3-de-junio-se-llevara-a-cabo-el-salsa-fest-2023","status":"publish","type":"post","link":"https:\/\/nvnoticias.mx\/index.php\/2023\/01\/31\/del-1-al-3-de-junio-se-llevara-a-cabo-el-salsa-fest-2023\/","title":{"rendered":"Del 1 al 3 de junio  se llevar\u00e1 a cabo el Salsa Fest 2023"},"content":{"rendered":"\n<p><strong>Jes\u00fas Utrilla \/ NV Noticias<\/strong><\/p>\n\n\n\n<p>Del 1 al 3 de junio\u00a0 se llevar\u00e1 a cabo el Salsa Fest 2023 en el municipio de Boca del R\u00edo, en donde se presentar\u00e1n artistas nacionales e internacionales.<\/p>\n\n\n\n<p>Autoridades estatales anunciaron la fecha en que se llevar\u00e1 a cabo el festival y se prev\u00e9 que lleguen turistas nacionales e internacionales, as\u00ed como diversos artistas de todo el mundo.<\/p>\n\n\n\n<p>En la edici\u00f3n pasada al salsodromo arribaron 343 mil 600 asistentes y dej\u00f3 una derrama econ\u00f3mica de 377 millones 630 mil pesos.<\/p>\n\n\n\n<p>Como es costumbre el Salsa Fest se realizar\u00e1 en el Sals\u00f3dromo del municipio de Boca del R\u00edo, que se encuentra ubicado en el bulevar Vicente Fox.<\/p>\n\n\n\n<p>Se esperan grandes exponentes de la m\u00fasica nacional e internacional, aunque no se ha confirmado a los artistas que estar\u00e1n presentes.<\/p>\n\n\n\n<p>El Salsa Fest ser\u00e1 unos d\u00edas antes del Carnaval de Veracruz 2023 por lo que las autoridades auguraron una importante derrama econ\u00f3mica.<\/p>\n\n\n\n<p>Luego de estar suspendido durante el 2020 y 2021 debido a la pandemia, el festival de salsa considerado como el m\u00e1s importante del pa\u00eds, regres\u00f3 en julio del 2022, donde todos los conciertos estuvieron abarrotados.<\/p>\n\n\n\n<p>Este a\u00f1o se superen las cifras de 2022 sobre todo para beneficiar al sector tur\u00edstico como hoteleros, restauranteros y otros prestadores de servicios.<\/p>\n","protected":false},"excerpt":{"rendered":"<p>Jes\u00fas Utrilla \/ NV Noticias Del 1 al 3 de junio\u00a0 se llevar\u00e1 a cabo el Salsa Fest 2023 en el municipio de Boca del R\u00edo, en donde se presentar\u00e1n artistas nacionales e internacionales. Autoridades estatales anunciaron la fecha en que se llevar\u00e1 a cabo el festival y se prev\u00e9 que lleguen turistas nacionales e [&hellip;]<\/p>\n","protected":false},"author":8,"featured_media":92338,"comment_status":"open","ping_status":"open","sticky":false,"template":"","format":"standard","meta":{"_monsterinsights_skip_tracking":false,"_monsterinsights_sitenote_active":false,"_monsterinsights_sitenote_note":"","_monsterinsights_sitenote_category":0,"footnotes":""},"categories":[154],"tags":[22872],"class_list":["post-92337","post","type-post","status-publish","format-standard","has-post-thumbnail","hentry","category-veracruz","tag-salsa-fest-2023","wp-image-borders"],"amp_enabled":true,"_links":{"self":[{"href":"https:\/\/nvnoticias.mx\/index.php\/wp-json\/wp\/v2\/posts\/92337","targetHints":{"allow":["GET"]}}],"collection":[{"href":"https:\/\/nvnoticias.mx\/index.php\/wp-json\/wp\/v2\/posts"}],"about":[{"href":"https:\/\/nvnoticias.mx\/index.php\/wp-json\/wp\/v2\/types\/post"}],"author":[{"embeddable":true,"href":"https:\/\/nvnoticias.mx\/index.php\/wp-json\/wp\/v2\/users\/8"}],"replies":[{"embeddable":true,"href":"https:\/\/nvnoticias.mx\/index.php\/wp-json\/wp\/v2\/comments?post=92337"}],"version-history":[{"count":1,"href":"https:\/\/nvnoticias.mx\/index.php\/wp-json\/wp\/v2\/posts\/92337\/revisions"}],"predecessor-version":[{"id":92339,"href":"https:\/\/nvnoticias.mx\/index.php\/wp-json\/wp\/v2\/posts\/92337\/revisions\/92339"}],"wp:featuredmedia":[{"embeddable":true,"href":"https:\/\/nvnoticias.mx\/index.php\/wp-json\/wp\/v2\/media\/92338"}],"wp:attachment":[{"href":"https:\/\/nvnoticias.mx\/index.php\/wp-json\/wp\/v2\/media?parent=92337"}],"wp:term":[{"taxonomy":"category","embeddable":true,"href":"https:\/\/nvnoticias.mx\/index.php\/wp-json\/wp\/v2\/categories?post=92337"},{"taxonomy":"post_tag","embeddable":true,"href":"https:\/\/nvnoticias.mx\/index.php\/wp-json\/wp\/v2\/tags?post=92337"}],"curies":[{"name":"wp","href":"https:\/\/api.w.org\/{rel}","templated":true}]}}