{"id":92295,"date":"2023-01-30T15:29:36","date_gmt":"2023-01-30T21:29:36","guid":{"rendered":"https:\/\/nvnoticias.mx\/?p=92295"},"modified":"2023-01-30T15:29:38","modified_gmt":"2023-01-30T21:29:38","slug":"capacitan-a-personal-municipal-en-combate-a-incendios-forestales-y-de-pastizales","status":"publish","type":"post","link":"https:\/\/nvnoticias.mx\/index.php\/2023\/01\/30\/capacitan-a-personal-municipal-en-combate-a-incendios-forestales-y-de-pastizales\/","title":{"rendered":"Capacitan a personal municipal en combate a incendios forestales y de pastizales"},"content":{"rendered":"\n<p>Xalapa, Ver.- Con el prop\u00f3sito de prevenir situaciones de emergencia por incendios, el Ayuntamiento de Xalapa, en coordinaci\u00f3n con las secretar\u00edas de Protecci\u00f3n Civil, Medio Ambiente (Sedema) y la Comisi\u00f3n Nacional Forestal, llev\u00f3 a cabo este lunes el curso de capacitaci\u00f3n \u201cUso y manejo del fuego en terrenos forestales y agropecuarios\u201d.<\/p>\n\n\n\n<p>El director de Protecci\u00f3n Civil Municipal, Luis Sardi\u00f1a Salgado, explic\u00f3 que esta actividad de capacitaci\u00f3n dirigida a personal del Ayuntamiento, cuerpos de emergencia y habitantes de la zona rural, se realiza en el marco de la temporada de incendios forestales 2023, que inici\u00f3 el 15 de enero y concluir\u00e1 el pr\u00f3ximo 30 de junio.<\/p>\n\n\n\n<p>Detall\u00f3 que el objetivo es prevenir incendios en \u00e1reas forestales y de pastizales, y que los agentes municipales, comisariados ejidales, integrantes de los consejos de vigilancia y personal de las direcciones de Protecci\u00f3n Civil de Xalapa y municipios aleda\u00f1os, cuenten con las herramientas necesarias para controlar y combatir los siniestros de manera segura.<\/p>\n\n\n\n<p>\u201cLa prioridad de nuestro Ayuntamiento es la prevenci\u00f3n, y por ello, implementamos este curso, para que todo el personal relacionado con la protecci\u00f3n civil y la atenci\u00f3n de la ciudadan\u00eda sepa c\u00f3mo actuar ante cualquier incidente, tener un manejo adecuado y control de las quemas, y evitar que los incendios se extiendan, ya que en nuestro caso, algunos pastizales colindan con unidades habitacionales\u201d.<\/p>\n\n\n\n<p>Al acto inaugural asistieron el regidor Carlos Rugerio Mart\u00ednez; la secretaria de Protecci\u00f3n Civil del Estado de Veracruz, Guadalupe Osorno Maldonado; Carlos Robles, en representaci\u00f3n de la Sedema, as\u00ed como el instructor de la Comisi\u00f3n Nacional Forestal, Antonio S\u00e1nchez.<\/p>\n\n\n\n<div class=\"wp-block-image\"><figure class=\"aligncenter size-large is-resized\"><img loading=\"lazy\" decoding=\"async\" src=\"https:\/\/nvnoticias.mx\/wp-content\/uploads\/2023\/01\/WhatsApp-Image-2023-01-30-at-2.49.43-PM-1024x684.jpeg\" alt=\"\" class=\"wp-image-92297\" width=\"590\" height=\"393\" srcset=\"https:\/\/nvnoticias.mx\/wp-content\/uploads\/2023\/01\/WhatsApp-Image-2023-01-30-at-2.49.43-PM-1024x684.jpeg 1024w, https:\/\/nvnoticias.mx\/wp-content\/uploads\/2023\/01\/WhatsApp-Image-2023-01-30-at-2.49.43-PM-300x200.jpeg 300w, https:\/\/nvnoticias.mx\/wp-content\/uploads\/2023\/01\/WhatsApp-Image-2023-01-30-at-2.49.43-PM-768x513.jpeg 768w, https:\/\/nvnoticias.mx\/wp-content\/uploads\/2023\/01\/WhatsApp-Image-2023-01-30-at-2.49.43-PM-1536x1025.jpeg 1536w, https:\/\/nvnoticias.mx\/wp-content\/uploads\/2023\/01\/WhatsApp-Image-2023-01-30-at-2.49.43-PM.jpeg 1600w\" sizes=\"auto, (max-width: 590px) 100vw, 590px\" \/><\/figure><\/div>\n\n\n\n<p><\/p>\n","protected":false},"excerpt":{"rendered":"<p>Xalapa, Ver.- Con el prop\u00f3sito de prevenir situaciones de emergencia por incendios, el Ayuntamiento de Xalapa, en coordinaci\u00f3n con las secretar\u00edas de Protecci\u00f3n Civil, Medio Ambiente (Sedema) y la Comisi\u00f3n Nacional Forestal, llev\u00f3 a cabo este lunes el curso de capacitaci\u00f3n \u201cUso y manejo del fuego en terrenos forestales y agropecuarios\u201d. El director de Protecci\u00f3n [&hellip;]<\/p>\n","protected":false},"author":8,"featured_media":92298,"comment_status":"open","ping_status":"open","sticky":false,"template":"","format":"standard","meta":{"_monsterinsights_skip_tracking":false,"_monsterinsights_sitenote_active":false,"_monsterinsights_sitenote_note":"","_monsterinsights_sitenote_category":0,"footnotes":""},"categories":[156],"tags":[19057,2256],"class_list":["post-92295","post","type-post","status-publish","format-standard","has-post-thumbnail","hentry","category-estado","tag-capcitacion","tag-incendios-forestales","wp-image-borders"],"amp_enabled":true,"_links":{"self":[{"href":"https:\/\/nvnoticias.mx\/index.php\/wp-json\/wp\/v2\/posts\/92295","targetHints":{"allow":["GET"]}}],"collection":[{"href":"https:\/\/nvnoticias.mx\/index.php\/wp-json\/wp\/v2\/posts"}],"about":[{"href":"https:\/\/nvnoticias.mx\/index.php\/wp-json\/wp\/v2\/types\/post"}],"author":[{"embeddable":true,"href":"https:\/\/nvnoticias.mx\/index.php\/wp-json\/wp\/v2\/users\/8"}],"replies":[{"embeddable":true,"href":"https:\/\/nvnoticias.mx\/index.php\/wp-json\/wp\/v2\/comments?post=92295"}],"version-history":[{"count":1,"href":"https:\/\/nvnoticias.mx\/index.php\/wp-json\/wp\/v2\/posts\/92295\/revisions"}],"predecessor-version":[{"id":92299,"href":"https:\/\/nvnoticias.mx\/index.php\/wp-json\/wp\/v2\/posts\/92295\/revisions\/92299"}],"wp:featuredmedia":[{"embeddable":true,"href":"https:\/\/nvnoticias.mx\/index.php\/wp-json\/wp\/v2\/media\/92298"}],"wp:attachment":[{"href":"https:\/\/nvnoticias.mx\/index.php\/wp-json\/wp\/v2\/media?parent=92295"}],"wp:term":[{"taxonomy":"category","embeddable":true,"href":"https:\/\/nvnoticias.mx\/index.php\/wp-json\/wp\/v2\/categories?post=92295"},{"taxonomy":"post_tag","embeddable":true,"href":"https:\/\/nvnoticias.mx\/index.php\/wp-json\/wp\/v2\/tags?post=92295"}],"curies":[{"name":"wp","href":"https:\/\/api.w.org\/{rel}","templated":true}]}}