{"id":92287,"date":"2023-01-30T15:13:01","date_gmt":"2023-01-30T21:13:01","guid":{"rendered":"https:\/\/nvnoticias.mx\/?p=92287"},"modified":"2023-01-30T15:13:03","modified_gmt":"2023-01-30T21:13:03","slug":"garcia-luna-tiene-asuntos-pendientes-en-mexico-ebrard","status":"publish","type":"post","link":"https:\/\/nvnoticias.mx\/index.php\/2023\/01\/30\/garcia-luna-tiene-asuntos-pendientes-en-mexico-ebrard\/","title":{"rendered":"Garc\u00eda Luna tiene &#8220;asuntos pendientes&#8221; en M\u00e9xico: Ebrard"},"content":{"rendered":"\n<p>El secretario de Relaciones Exteriores, Marcelo Ebrard, declar\u00f3 que el gobierno federal y la Fiscal\u00eda General de la Rep\u00fablica revisar\u00e1n los documentos utilizados en el juicio contra Genaro Garc\u00eda Luna porque el ex secretario de Seguridad P\u00fablica \u201ctiene varios asuntos pendientes\u201d con las autoridades mexicanas.<\/p>\n\n\n\n<blockquote class=\"wp-block-quote is-layout-flow wp-block-quote-is-layout-flow\"><p>\u201cM\u00e9xico tiene el derecho a acceder a esos documentos y tambi\u00e9n la Fiscal\u00eda General de la Rep\u00fablica, que ya se\u00f1al\u00f3 que tiene varios asuntos pendientes con ese se\u00f1or aqu\u00ed en M\u00e9xico\u201d, se\u00f1al\u00f3 el canciller tras suscribir el convenio de colaboraci\u00f3n entre la SRE y el Banco de M\u00e9xico.<br><\/p><\/blockquote>\n\n\n\n<p>El funcionario se\u00f1al\u00f3 que las autoridades mexicanas se mantienen a la expectativa del rumbo que tenga el juicio que se lleva a cabo en Broooklyn, Nueva York.<\/p>\n\n\n\n<blockquote class=\"wp-block-quote is-layout-flow wp-block-quote-is-layout-flow\"><p>\u201cEstamos enterados de la audiencia que tendr\u00e1 verificativo, estamos a la expectativa de lo que ah\u00ed se plante\u00e9, las declaraciones que se hagan, es un juicio muy relevante para M\u00e9xico\u201d, explic\u00f3.<\/p><\/blockquote>\n\n\n\n<p>Adem\u00e1s, record\u00f3 que la delegaci\u00f3n del gobierno federal tendr\u00e1 en su momento el acceso a los documentos conforme al Acuerdo de Cooperaci\u00f3n Jur\u00eddica y los tratados de extradici\u00f3n que hay entre ambos pa\u00edses.<br><\/p>\n\n\n\n<p>Fuente: <a href=\"https:\/\/www.milenio.com\/politica\/genaro-garcia-luna-asuntos-pendientes-mexico-ebrard\" data-type=\"URL\" data-id=\"https:\/\/www.milenio.com\/politica\/genaro-garcia-luna-asuntos-pendientes-mexico-ebrard\">Milenio<\/a><\/p>\n","protected":false},"excerpt":{"rendered":"<p>El secretario de Relaciones Exteriores, Marcelo Ebrard, declar\u00f3 que el gobierno federal y la Fiscal\u00eda General de la Rep\u00fablica revisar\u00e1n los documentos utilizados en el juicio contra Genaro Garc\u00eda Luna porque el ex secretario de Seguridad P\u00fablica \u201ctiene varios asuntos pendientes\u201d con las autoridades mexicanas. \u201cM\u00e9xico tiene el derecho a acceder a esos documentos y [&hellip;]<\/p>\n","protected":false},"author":35,"featured_media":83614,"comment_status":"open","ping_status":"open","sticky":false,"template":"","format":"standard","meta":{"_monsterinsights_skip_tracking":false,"_monsterinsights_sitenote_active":false,"_monsterinsights_sitenote_note":"","_monsterinsights_sitenote_category":0,"footnotes":""},"categories":[158],"tags":[14363,4504,391,292,4527],"class_list":["post-92287","post","type-post","status-publish","format-standard","has-post-thumbnail","hentry","category-politica","tag-asuntos","tag-genaro-garcia-luna","tag-marcelo-ebrard","tag-mexico","tag-pendientes","wp-image-borders"],"amp_enabled":true,"_links":{"self":[{"href":"https:\/\/nvnoticias.mx\/index.php\/wp-json\/wp\/v2\/posts\/92287","targetHints":{"allow":["GET"]}}],"collection":[{"href":"https:\/\/nvnoticias.mx\/index.php\/wp-json\/wp\/v2\/posts"}],"about":[{"href":"https:\/\/nvnoticias.mx\/index.php\/wp-json\/wp\/v2\/types\/post"}],"author":[{"embeddable":true,"href":"https:\/\/nvnoticias.mx\/index.php\/wp-json\/wp\/v2\/users\/35"}],"replies":[{"embeddable":true,"href":"https:\/\/nvnoticias.mx\/index.php\/wp-json\/wp\/v2\/comments?post=92287"}],"version-history":[{"count":1,"href":"https:\/\/nvnoticias.mx\/index.php\/wp-json\/wp\/v2\/posts\/92287\/revisions"}],"predecessor-version":[{"id":92288,"href":"https:\/\/nvnoticias.mx\/index.php\/wp-json\/wp\/v2\/posts\/92287\/revisions\/92288"}],"wp:featuredmedia":[{"embeddable":true,"href":"https:\/\/nvnoticias.mx\/index.php\/wp-json\/wp\/v2\/media\/83614"}],"wp:attachment":[{"href":"https:\/\/nvnoticias.mx\/index.php\/wp-json\/wp\/v2\/media?parent=92287"}],"wp:term":[{"taxonomy":"category","embeddable":true,"href":"https:\/\/nvnoticias.mx\/index.php\/wp-json\/wp\/v2\/categories?post=92287"},{"taxonomy":"post_tag","embeddable":true,"href":"https:\/\/nvnoticias.mx\/index.php\/wp-json\/wp\/v2\/tags?post=92287"}],"curies":[{"name":"wp","href":"https:\/\/api.w.org\/{rel}","templated":true}]}}