{"id":92272,"date":"2023-01-30T13:56:34","date_gmt":"2023-01-30T19:56:34","guid":{"rendered":"https:\/\/nvnoticias.mx\/?p=92272"},"modified":"2023-01-30T13:56:36","modified_gmt":"2023-01-30T19:56:36","slug":"vuelve-eu-a-pedir-a-mexico-que-revise-derechos-laborales-en-planta-de-vu-manufacturing","status":"publish","type":"post","link":"https:\/\/nvnoticias.mx\/index.php\/2023\/01\/30\/vuelve-eu-a-pedir-a-mexico-que-revise-derechos-laborales-en-planta-de-vu-manufacturing\/","title":{"rendered":"Vuelve EU a pedir a M\u00e9xico que revise derechos laborales en planta de VU Manufacturing"},"content":{"rendered":"\n<p>El gobierno del presidente estadounidense Joe Biden pidi\u00f3 el lunes a M\u00e9xico que, en el marco de un pacto comercial de Norteam\u00e9rica, investigue de nuevo si se niegan derechos laborales a los trabajadores de una planta de VU Manufacturing en el norte del pa\u00eds.<\/p>\n\n\n\n<p>En septiembre, ambos pa\u00edses dijeron que hab\u00edan resuelto una queja anterior bajo el tratado de comercio regional, TMEC, afirmando que los trabajadores de la planta de autopartes de VU Manufacturing en Piedras Negras pod\u00edan elegir el sindicato de su elecci\u00f3n.<\/p>\n\n\n\n<blockquote class=\"wp-block-quote is-layout-flow wp-block-quote-is-layout-flow\"><p>\u201cA pesar de que esta instalaci\u00f3n tom\u00f3 acciones positivas en 2022, algunas de las fallas que identificamos anteriormente parecen ser recurrentes\u201d, se\u00f1al\u00f3 la representante comercial de Estados Unidos, Katherine Tai, el lunes.<\/p><\/blockquote>\n\n\n\n<p>VU Manufacturing,\u00a0fabricante\u00a0de piezas interiores de autom\u00f3viles con sede en Michigan, no respondi\u00f3 de inmediato a una solicitud de comentarios.<\/p>\n\n\n\n<p>Fuente: <a href=\"https:\/\/www.forbes.com.mx\/eu-vuelve-a-pedir-a-mexico-que-revise-derechos-laborales-en-planta-de-vu-manufacturing\/\" data-type=\"URL\" data-id=\"https:\/\/www.forbes.com.mx\/eu-vuelve-a-pedir-a-mexico-que-revise-derechos-laborales-en-planta-de-vu-manufacturing\/\">Forbes<\/a><\/p>\n","protected":false},"excerpt":{"rendered":"<p>El gobierno del presidente estadounidense Joe Biden pidi\u00f3 el lunes a M\u00e9xico que, en el marco de un pacto comercial de Norteam\u00e9rica, investigue de nuevo si se niegan derechos laborales a los trabajadores de una planta de VU Manufacturing en el norte del pa\u00eds. En septiembre, ambos pa\u00edses dijeron que hab\u00edan resuelto una queja anterior [&hellip;]<\/p>\n","protected":false},"author":35,"featured_media":92273,"comment_status":"open","ping_status":"open","sticky":false,"template":"","format":"standard","meta":{"_monsterinsights_skip_tracking":false,"_monsterinsights_sitenote_active":false,"_monsterinsights_sitenote_note":"","_monsterinsights_sitenote_category":0,"footnotes":""},"categories":[157],"tags":[3611,183,292,2760,12820,22863],"class_list":["post-92272","post","type-post","status-publish","format-standard","has-post-thumbnail","hentry","category-nacional","tag-derechos-laborales","tag-estados-unidos","tag-mexico","tag-planta","tag-revise","tag-vu-manufacturing","wp-image-borders"],"amp_enabled":true,"_links":{"self":[{"href":"https:\/\/nvnoticias.mx\/index.php\/wp-json\/wp\/v2\/posts\/92272","targetHints":{"allow":["GET"]}}],"collection":[{"href":"https:\/\/nvnoticias.mx\/index.php\/wp-json\/wp\/v2\/posts"}],"about":[{"href":"https:\/\/nvnoticias.mx\/index.php\/wp-json\/wp\/v2\/types\/post"}],"author":[{"embeddable":true,"href":"https:\/\/nvnoticias.mx\/index.php\/wp-json\/wp\/v2\/users\/35"}],"replies":[{"embeddable":true,"href":"https:\/\/nvnoticias.mx\/index.php\/wp-json\/wp\/v2\/comments?post=92272"}],"version-history":[{"count":1,"href":"https:\/\/nvnoticias.mx\/index.php\/wp-json\/wp\/v2\/posts\/92272\/revisions"}],"predecessor-version":[{"id":92274,"href":"https:\/\/nvnoticias.mx\/index.php\/wp-json\/wp\/v2\/posts\/92272\/revisions\/92274"}],"wp:featuredmedia":[{"embeddable":true,"href":"https:\/\/nvnoticias.mx\/index.php\/wp-json\/wp\/v2\/media\/92273"}],"wp:attachment":[{"href":"https:\/\/nvnoticias.mx\/index.php\/wp-json\/wp\/v2\/media?parent=92272"}],"wp:term":[{"taxonomy":"category","embeddable":true,"href":"https:\/\/nvnoticias.mx\/index.php\/wp-json\/wp\/v2\/categories?post=92272"},{"taxonomy":"post_tag","embeddable":true,"href":"https:\/\/nvnoticias.mx\/index.php\/wp-json\/wp\/v2\/tags?post=92272"}],"curies":[{"name":"wp","href":"https:\/\/api.w.org\/{rel}","templated":true}]}}