{"id":92270,"date":"2023-01-30T13:57:07","date_gmt":"2023-01-30T19:57:07","guid":{"rendered":"https:\/\/nvnoticias.mx\/?p=92270"},"modified":"2023-01-30T13:57:08","modified_gmt":"2023-01-30T19:57:08","slug":"piloto-mexicano-federico-fico-gutierrez-fallece-en-accidente-de-carretera","status":"publish","type":"post","link":"https:\/\/nvnoticias.mx\/index.php\/2023\/01\/30\/piloto-mexicano-federico-fico-gutierrez-fallece-en-accidente-de-carretera\/","title":{"rendered":"Piloto mexicano, Federico &#8216;Fico&#8217; Guti\u00e9rrez, fallece en accidente de carretera"},"content":{"rendered":"\n<p>Federico &#8216;Fico&#8217; Guti\u00e9rrez\u00a0muri\u00f3 este domingo 29 de enero por la noche en un accidente automovil\u00edstico en\u00a0M\u00e9xico\u00a0a los 17 a\u00f1os de edad.<\/p>\n\n\n\n<p>La noticia fue confirmada por la\u00a0Nascar M\u00e9xico Series\u00a0en donde compet\u00eda y en la que brill\u00f3 en el 2022 al ser nombrado piloto del a\u00f1o en la\u00a0Nascar M\u00e9xico Challenge.<\/p>\n\n\n\n<p>&#8216;Fico&#8217; Guti\u00e9rrez\u00a0viajaba con su hermano cuando, de acuerdo a reportes, chocaron en su auto deportivo contra una camioneta en la carretera y ah\u00ed fue donde perdi\u00f3 la vida.<\/p>\n\n\n\n<p>Los informas reportan que Federico muri\u00f3 en el lugar de los hechos al instante, mientras que su hermano Max fue trasladado a un hospital de la Ciudad de M\u00e9xico, donde se reporta hasta el momento estable.<\/p>\n\n\n\n<p>Nascar M\u00e9xico Series\u00a0mand\u00f3 sus condolencias a la familia\u00a0Guti\u00e9rrez Hoppe\u00a0por el fallecimiento del piloto juvenil a trav\u00e9s de las redes sociales.<\/p>\n\n\n\n<blockquote class=\"wp-block-quote is-layout-flow wp-block-quote-is-layout-flow\"><p>&#8220;<em>Nascar M\u00e9xico Series, se une a la pena que embarga a la familia Guti\u00e9rrez, por el sensible fallecimiento de nuestro piloto y amigo Federico Guti\u00e9rrez Hoppe. Q.E.P.D<\/em>&#8220;.<\/p><\/blockquote>\n\n\n\n<p>Federico Guti\u00e9rrez era considerado como uno de las grandes promesas del automovilismo en M\u00e9xico. En 2020 cuando el piloto de 17 a\u00f1os debut\u00f3 en la\u00a0Nascar M\u00e9xico\u00a0y durante esa temporada termin\u00f3 en la quinta posici\u00f3n y consigui\u00f3 subir al podio en la ciudad de Puebla.<\/p>\n\n\n\n<p>Fuente: <a href=\"https:\/\/www.tudn.com\/futbol\/liga-mx\/piloto-federico-fico-gutierrez-nascar-muere-accidente-carretera\">TUDN<\/a><\/p>\n","protected":false},"excerpt":{"rendered":"<p>Federico &#8216;Fico&#8217; Guti\u00e9rrez\u00a0muri\u00f3 este domingo 29 de enero por la noche en un accidente automovil\u00edstico en\u00a0M\u00e9xico\u00a0a los 17 a\u00f1os de edad. La noticia fue confirmada por la\u00a0Nascar M\u00e9xico Series\u00a0en donde compet\u00eda y en la que brill\u00f3 en el 2022 al ser nombrado piloto del a\u00f1o en la\u00a0Nascar M\u00e9xico Challenge. &#8216;Fico&#8217; Guti\u00e9rrez\u00a0viajaba con su hermano cuando, [&hellip;]<\/p>\n","protected":false},"author":8,"featured_media":92275,"comment_status":"open","ping_status":"open","sticky":false,"template":"","format":"standard","meta":{"_monsterinsights_skip_tracking":false,"_monsterinsights_sitenote_active":false,"_monsterinsights_sitenote_note":"","_monsterinsights_sitenote_category":0,"footnotes":""},"categories":[159],"tags":[18120,22864,11862],"class_list":["post-92270","post","type-post","status-publish","format-standard","has-post-thumbnail","hentry","category-deportes","tag-accidente-automovilistico","tag-nascar-mexico-series","tag-piloto","wp-image-borders"],"amp_enabled":true,"_links":{"self":[{"href":"https:\/\/nvnoticias.mx\/index.php\/wp-json\/wp\/v2\/posts\/92270","targetHints":{"allow":["GET"]}}],"collection":[{"href":"https:\/\/nvnoticias.mx\/index.php\/wp-json\/wp\/v2\/posts"}],"about":[{"href":"https:\/\/nvnoticias.mx\/index.php\/wp-json\/wp\/v2\/types\/post"}],"author":[{"embeddable":true,"href":"https:\/\/nvnoticias.mx\/index.php\/wp-json\/wp\/v2\/users\/8"}],"replies":[{"embeddable":true,"href":"https:\/\/nvnoticias.mx\/index.php\/wp-json\/wp\/v2\/comments?post=92270"}],"version-history":[{"count":1,"href":"https:\/\/nvnoticias.mx\/index.php\/wp-json\/wp\/v2\/posts\/92270\/revisions"}],"predecessor-version":[{"id":92276,"href":"https:\/\/nvnoticias.mx\/index.php\/wp-json\/wp\/v2\/posts\/92270\/revisions\/92276"}],"wp:featuredmedia":[{"embeddable":true,"href":"https:\/\/nvnoticias.mx\/index.php\/wp-json\/wp\/v2\/media\/92275"}],"wp:attachment":[{"href":"https:\/\/nvnoticias.mx\/index.php\/wp-json\/wp\/v2\/media?parent=92270"}],"wp:term":[{"taxonomy":"category","embeddable":true,"href":"https:\/\/nvnoticias.mx\/index.php\/wp-json\/wp\/v2\/categories?post=92270"},{"taxonomy":"post_tag","embeddable":true,"href":"https:\/\/nvnoticias.mx\/index.php\/wp-json\/wp\/v2\/tags?post=92270"}],"curies":[{"name":"wp","href":"https:\/\/api.w.org\/{rel}","templated":true}]}}