{"id":92266,"date":"2023-01-30T13:46:46","date_gmt":"2023-01-30T19:46:46","guid":{"rendered":"https:\/\/nvnoticias.mx\/?p=92266"},"modified":"2023-01-30T13:46:48","modified_gmt":"2023-01-30T19:46:48","slug":"mandara-amlo-en-marzo-iniciativa-sobre-salarios-de-funcionarios","status":"publish","type":"post","link":"https:\/\/nvnoticias.mx\/index.php\/2023\/01\/30\/mandara-amlo-en-marzo-iniciativa-sobre-salarios-de-funcionarios\/","title":{"rendered":"Mandar\u00e1 AMLO en marzo iniciativa sobre salarios de funcionarios"},"content":{"rendered":"\n<p>El secretario de Gobernaci\u00f3n, Ad\u00e1n Augusto L\u00f3pez, inform\u00f3 que en marzo presentar\u00e1 la iniciativa del presidente Andr\u00e9s Manuel L\u00f3pez Obrador a la Ley Federal de Remuneraciones de los Servidores P\u00fablicos para establecer que ning\u00fan funcionario puede ganar m\u00e1s que el mandatario ni pueda ampararse como lo han hecho los consejeros del Instituto Nacional Electoral (INE).<\/p>\n\n\n\n<blockquote class=\"wp-block-quote is-layout-flow wp-block-quote-is-layout-flow\"><p>\u201cS\u00ed, se est\u00e1 trabajando una iniciativa para terminar de regular el asunto de los salarios, pero creo que m\u00e1s o menos en marzo podr\u00eda estarse presentando\u201d, dijo el secretario en la Reuni\u00f3n Plenaria de los diputados de Morena.<\/p><\/blockquote>\n\n\n\n<p>En el encuentro con los diputados, el funcionario neg\u00f3 que \u00e9l haya pedido a los legisladores \u201cdestazar\u201d al Instituto Nacional Electoral como sostuvo el consejero presidente de este \u00f3rgano aut\u00f3nomo, Lorenzo C\u00f3rdova.<\/p>\n\n\n\n<blockquote class=\"wp-block-quote is-layout-flow wp-block-quote-is-layout-flow\"><p>\u201cNo tengo senadores, soy secretario, no soy coordinador de una fracci\u00f3n. Es una falta de respeto de este se\u00f1or C\u00f3rdova que ande diciendo eso. Imag\u00ednese usted, c\u00f3mo vamos a decir eso, si somos los primeros en observar un respeto a otro Poder. Esa es otra m\u00e1s de las mentiras de C\u00f3rdova, debi\u00f3 hacer un libro que se llame\u00a0<em>Las Mentiras de C\u00f3rdova\u201d<\/em>, declar\u00f3.<\/p><\/blockquote>\n\n\n\n<p>Adem\u00e1s, el funcionario agreg\u00f3 que los comentarios del consejero le hacen \u201clo que el viento a Ju\u00e1rez\u201d, y que el Plan B electoral de L\u00f3pez Obrador no contempla el despido de casi 2 mil trabajadores del INE, sino s\u00f3lo \u201cdos\u201d se quedar\u00e1n sin empleo, ello, en alusi\u00f3n a los consejeros Lorenzo C\u00f3rdova y Ciro Murayama.<\/p>\n\n\n\n<p>Durante la inauguraci\u00f3n de este evento, el coordinador de Morena, Ignacio Mier, llam\u00f3 a la unidad a los diputados para ganar las elecciones presidenciales y estatales en 2024 con el fin, dijo, de que \u201cla Cuarta Transformaci\u00f3n contin\u00fae y se profundice\u201d<\/p>\n\n\n\n<blockquote class=\"wp-block-quote is-layout-flow wp-block-quote-is-layout-flow\"><p>\u201cLa nuestra es una revoluci\u00f3n pac\u00edfica, una voluntad de cambio, un \u00e1nimo social. En 2024, nuevamente el Pueblo decidir\u00e1 con su voto el destino de nuestro movimiento. De cara a ese importante proceso, debemos estar unidos, porque s\u00f3lo as\u00ed, en unidad y con trabajo podremos estar a la altura del reto que enfrentaremos\u201d, coment\u00f3 el morenista.<\/p><\/blockquote>\n\n\n\n<p>Adem\u00e1s, dijo que no pueden satisfacer a sus opositores con la divisi\u00f3n de Morena, por lo que llam\u00f3 a demostrar madurez, responsabilidad y visi\u00f3n para que el partido siga gobernando el pa\u00eds.<\/p>\n\n\n\n<blockquote class=\"wp-block-quote is-layout-flow wp-block-quote-is-layout-flow\"><p>\u201cNo podemos darnos el lujo de fallar, de dividirnos, de darle esa satisfacci\u00f3n a los conservadores, a nuestros adversarios y a los grupos de inter\u00e9s que llevaron a nuestro pa\u00eds a la ruina (\u2026). Hacemos un llamado a todos los integrantes de este maravilloso movimiento a que se sumen a este gran esfuerzo, a este esfuerzo de unidad para que as\u00ed, al lado del pueblo, sigamos transformando a nuestro pa\u00eds\u201d, declar\u00f3.<\/p><\/blockquote>\n\n\n\n<p>En la Reuni\u00f3n Plenaria de Morena se dar\u00e1n encuentro las cuatro \u201ccorcholatas\u201d que aspiran a la presidencia de 2024: Ad\u00e1n Augusto L\u00f3pez, Claudia Sheinbaum, Marcelo Ebrard y Ricardo Monreal.<\/p>\n\n\n\n<p>Fuente: <a href=\"https:\/\/www.forbes.com.mx\/en-marzo-amlo-mandara-iniciativa-sobre-salarios-de-funcionarios\/\" data-type=\"URL\" data-id=\"https:\/\/www.forbes.com.mx\/en-marzo-amlo-mandara-iniciativa-sobre-salarios-de-funcionarios\/\">Forbes<\/a><\/p>\n","protected":false},"excerpt":{"rendered":"<p>El secretario de Gobernaci\u00f3n, Ad\u00e1n Augusto L\u00f3pez, inform\u00f3 que en marzo presentar\u00e1 la iniciativa del presidente Andr\u00e9s Manuel L\u00f3pez Obrador a la Ley Federal de Remuneraciones de los Servidores P\u00fablicos para establecer que ning\u00fan funcionario puede ganar m\u00e1s que el mandatario ni pueda ampararse como lo han hecho los consejeros del Instituto Nacional Electoral (INE). [&hellip;]<\/p>\n","protected":false},"author":35,"featured_media":59958,"comment_status":"open","ping_status":"open","sticky":false,"template":"","format":"standard","meta":{"_monsterinsights_skip_tracking":false,"_monsterinsights_sitenote_active":false,"_monsterinsights_sitenote_note":"","_monsterinsights_sitenote_category":0,"footnotes":""},"categories":[158],"tags":[188,2665,1260,1732,22862,3057],"class_list":["post-92266","post","type-post","status-publish","format-standard","has-post-thumbnail","hentry","category-politica","tag-amlo","tag-funcionarios","tag-iniciativa","tag-marzo","tag-mnadara","tag-salarios","wp-image-borders"],"amp_enabled":true,"_links":{"self":[{"href":"https:\/\/nvnoticias.mx\/index.php\/wp-json\/wp\/v2\/posts\/92266","targetHints":{"allow":["GET"]}}],"collection":[{"href":"https:\/\/nvnoticias.mx\/index.php\/wp-json\/wp\/v2\/posts"}],"about":[{"href":"https:\/\/nvnoticias.mx\/index.php\/wp-json\/wp\/v2\/types\/post"}],"author":[{"embeddable":true,"href":"https:\/\/nvnoticias.mx\/index.php\/wp-json\/wp\/v2\/users\/35"}],"replies":[{"embeddable":true,"href":"https:\/\/nvnoticias.mx\/index.php\/wp-json\/wp\/v2\/comments?post=92266"}],"version-history":[{"count":1,"href":"https:\/\/nvnoticias.mx\/index.php\/wp-json\/wp\/v2\/posts\/92266\/revisions"}],"predecessor-version":[{"id":92267,"href":"https:\/\/nvnoticias.mx\/index.php\/wp-json\/wp\/v2\/posts\/92266\/revisions\/92267"}],"wp:featuredmedia":[{"embeddable":true,"href":"https:\/\/nvnoticias.mx\/index.php\/wp-json\/wp\/v2\/media\/59958"}],"wp:attachment":[{"href":"https:\/\/nvnoticias.mx\/index.php\/wp-json\/wp\/v2\/media?parent=92266"}],"wp:term":[{"taxonomy":"category","embeddable":true,"href":"https:\/\/nvnoticias.mx\/index.php\/wp-json\/wp\/v2\/categories?post=92266"},{"taxonomy":"post_tag","embeddable":true,"href":"https:\/\/nvnoticias.mx\/index.php\/wp-json\/wp\/v2\/tags?post=92266"}],"curies":[{"name":"wp","href":"https:\/\/api.w.org\/{rel}","templated":true}]}}