{"id":92164,"date":"2023-01-30T09:15:02","date_gmt":"2023-01-30T15:15:02","guid":{"rendered":"https:\/\/nvnoticias.mx\/?p=92164"},"modified":"2023-01-30T09:15:04","modified_gmt":"2023-01-30T15:15:04","slug":"llama-lorenzo-cordova-a-ciudadania-a-presentar-recursos-contra-plan-b","status":"publish","type":"post","link":"https:\/\/nvnoticias.mx\/index.php\/2023\/01\/30\/llama-lorenzo-cordova-a-ciudadania-a-presentar-recursos-contra-plan-b\/","title":{"rendered":"Llama Lorenzo C\u00f3rdova a ciudadan\u00eda a presentar recursos contra Plan B"},"content":{"rendered":"\n<p>Este es el momento en que los ciudadanos deben presentar todos los recursos legales que est\u00e9n a su alcance para detener el<strong>&nbsp;Plan B de la reforma electoral<\/strong>&nbsp;y defender la democracia, advirti\u00f3 el consejero presidente del Instituto Nacional Electoral (INE),&nbsp;<strong>Lorenzo C\u00f3rdova Vianello<\/strong>.&nbsp;<\/p>\n\n\n\n<p>En la presentaci\u00f3n del libro &#8220;La Democracia no se toca&#8221;, que escribi\u00f3 junto con el consejero electoral&nbsp;<strong>Ciro Murayama<\/strong>, el presidente del INE insisti\u00f3 en que los cambios legales impulsados por el presidente&nbsp;<strong>Andr\u00e9s Manuel L\u00f3pez Obrador&nbsp;<\/strong>y Morena dinamitan las elecciones, por lo que sentenci\u00f3 que todos los ciudadanos somos responsables &#8220;de que este barco no solamente no quede a la deriva, sino que siga avanzando en esa ruta de avanzar y consolidar nuestra democracia&#8221;.&nbsp;<\/p>\n\n\n\n<blockquote class=\"wp-block-quote is-layout-flow wp-block-quote-is-layout-flow\"><p>&#8220;Este es el momento en que los ciudadanos en lo individual o de manera colectiva pueden y creo deben, debemos, si queremos defender a la democracia, presentar todos los recursos dentro de los cauces legales.&nbsp;<\/p><\/blockquote>\n\n\n\n<blockquote class=\"wp-block-quote is-layout-flow wp-block-quote-is-layout-flow\"><p>&#8220;La ley es la ley -no juguemos a que no me vengan con eso-. Dentro de los cauces legales debemos poner en la mesa a quienes tendr\u00e1n que tomar la decisi\u00f3n final, a nuestras y nuestros jueces constitucionales, todos los argumentos y elementos que creamos convenientes, para que ellos cumplan esa tarea de control en la Constituci\u00f3n&#8221;, recalc\u00f3.&nbsp;<\/p><\/blockquote>\n\n\n\n<p>Acompa\u00f1ado de Ciro Murayama; del expresidente del IFE, Jos\u00e9 Woldenberg; de la expresidenta del IFAI, Jaqueline Peschard; y de la periodista Carmen Aristegui, el consejero presidente del INE se refiri\u00f3 a la supuesta petici\u00f3n que el secretario de Gobernaci\u00f3n,&nbsp;<strong>Ad\u00e1n Augusto L\u00f3pez<\/strong>, hizo al Senado para &#8220;destazar&#8221; al INE, Lorenzo C\u00f3rdova se\u00f1al\u00f3: &#8220;No s\u00e9 si sea cierto o no lo de destazar al INE pero leyendo la reforma, me queda claro que ese es el prop\u00f3sito&#8221;.&nbsp;<\/p>\n\n\n\n<p>Resalt\u00f3 que si una fuerza pol\u00edtica se ha beneficiado m\u00e1s en los \u00faltimos nueve a\u00f1os con el actual&nbsp;<strong>sistema electoral<\/strong>, &#8220;es el partido que nos gobierna&#8221;.&nbsp;<\/p>\n\n\n\n<blockquote class=\"wp-block-quote is-layout-flow wp-block-quote-is-layout-flow\"><p>&#8220;La gran paradoja es por qu\u00e9 dinamita desde el Poder las condiciones que le permitieron el acceso&#8221;, se pregunt\u00f3.<\/p><\/blockquote>\n\n\n\n<p>Fuente: <a href=\"https:\/\/www.eluniversal.com.mx\/nacion\/es-el-momento-para-que-la-ciudadania-presente-recursos-contra-plan-b-subraya-lorenzo-cordova\" data-type=\"URL\" data-id=\"https:\/\/www.eluniversal.com.mx\/nacion\/es-el-momento-para-que-la-ciudadania-presente-recursos-contra-plan-b-subraya-lorenzo-cordova\">El Universal<\/a><\/p>\n","protected":false},"excerpt":{"rendered":"<p>Este es el momento en que los ciudadanos deben presentar todos los recursos legales que est\u00e9n a su alcance para detener el&nbsp;Plan B de la reforma electoral&nbsp;y defender la democracia, advirti\u00f3 el consejero presidente del Instituto Nacional Electoral (INE),&nbsp;Lorenzo C\u00f3rdova Vianello.&nbsp; En la presentaci\u00f3n del libro &#8220;La Democracia no se toca&#8221;, que escribi\u00f3 junto con [&hellip;]<\/p>\n","protected":false},"author":35,"featured_media":10555,"comment_status":"open","ping_status":"open","sticky":false,"template":"","format":"standard","meta":{"_monsterinsights_skip_tracking":false,"_monsterinsights_sitenote_active":false,"_monsterinsights_sitenote_note":"","_monsterinsights_sitenote_category":0,"footnotes":""},"categories":[158],"tags":[1636,8928,1609,21068,162,8840,1083],"class_list":["post-92164","post","type-post","status-publish","format-standard","has-post-thumbnail","hentry","category-politica","tag-ciudadania","tag-llama","tag-lorenzo-cordova","tag-plan-b","tag-portada","tag-presentar","tag-recursos","wp-image-borders"],"amp_enabled":true,"_links":{"self":[{"href":"https:\/\/nvnoticias.mx\/index.php\/wp-json\/wp\/v2\/posts\/92164","targetHints":{"allow":["GET"]}}],"collection":[{"href":"https:\/\/nvnoticias.mx\/index.php\/wp-json\/wp\/v2\/posts"}],"about":[{"href":"https:\/\/nvnoticias.mx\/index.php\/wp-json\/wp\/v2\/types\/post"}],"author":[{"embeddable":true,"href":"https:\/\/nvnoticias.mx\/index.php\/wp-json\/wp\/v2\/users\/35"}],"replies":[{"embeddable":true,"href":"https:\/\/nvnoticias.mx\/index.php\/wp-json\/wp\/v2\/comments?post=92164"}],"version-history":[{"count":5,"href":"https:\/\/nvnoticias.mx\/index.php\/wp-json\/wp\/v2\/posts\/92164\/revisions"}],"predecessor-version":[{"id":92169,"href":"https:\/\/nvnoticias.mx\/index.php\/wp-json\/wp\/v2\/posts\/92164\/revisions\/92169"}],"wp:featuredmedia":[{"embeddable":true,"href":"https:\/\/nvnoticias.mx\/index.php\/wp-json\/wp\/v2\/media\/10555"}],"wp:attachment":[{"href":"https:\/\/nvnoticias.mx\/index.php\/wp-json\/wp\/v2\/media?parent=92164"}],"wp:term":[{"taxonomy":"category","embeddable":true,"href":"https:\/\/nvnoticias.mx\/index.php\/wp-json\/wp\/v2\/categories?post=92164"},{"taxonomy":"post_tag","embeddable":true,"href":"https:\/\/nvnoticias.mx\/index.php\/wp-json\/wp\/v2\/tags?post=92164"}],"curies":[{"name":"wp","href":"https:\/\/api.w.org\/{rel}","templated":true}]}}