{"id":92153,"date":"2023-01-29T14:32:10","date_gmt":"2023-01-29T20:32:10","guid":{"rendered":"https:\/\/nvnoticias.mx\/?p=92153"},"modified":"2023-01-29T14:32:11","modified_gmt":"2023-01-29T20:32:11","slug":"necesario-evitar-mas-confrontaciones-de-bandas-delincuenciales-o-afectara-el-turismo","status":"publish","type":"post","link":"https:\/\/nvnoticias.mx\/index.php\/2023\/01\/29\/necesario-evitar-mas-confrontaciones-de-bandas-delincuenciales-o-afectara-el-turismo\/","title":{"rendered":"Necesario evitar m\u00e1s confrontaciones de bandas delincuenciales o afectar\u00e1 el turismo"},"content":{"rendered":"\n<p><strong>Jes\u00fas Utrilla |<\/strong> <strong>NV Noticias<\/strong>&nbsp;<\/p>\n\n\n\n<p>Veracruz. \u2013 Los hechos violentos del fin de semana pasado no causaron cancelaciones de reservaciones, se\u00f1al\u00f3 el presidente del Consejo Metropolitano del Turismo (Cometur), Sergio Lois Heredia. Sin embargo, admiti\u00f3 que se necesita mantener el reforzamiento de la seguridad en regi\u00f3n para evitar que se vuelvan a repetir enfrentamientos entre bandas criminales.<\/p>\n\n\n\n<p>Insisti\u00f3 en que no se reporta baja de afluencia tur\u00edstica, pero se necesitan nuevas estrategias para evitar que la inseguridad se salga de control como ocurri\u00f3 a\u00f1os atr\u00e1s. Sobre todo ahora que se est\u00e1 recuperando la vocaci\u00f3n tur\u00edstica de la zona metropolitana, misma que se vio afectada por la pandemia de COVID.<\/p>\n\n\n\n<blockquote class=\"wp-block-quote is-layout-flow wp-block-quote-is-layout-flow\"><p>\u201cEs importante que estas cuestiones sean controladas, dejen de suceder, porque ya vivimos hace muchos a\u00f1os situaciones similares, donde se intent\u00f3 no darles tanta importancia en un principio y creo que todos vimos los resultados y en el caso del turismo tuvimos una baja en el turismo que nos cost\u00f3 muchos a\u00f1os poder recuperarla\u201d.<\/p><\/blockquote>\n\n\n\n<p>Reiter\u00f3 que es importante que los enfrentamientos dejen de suceder porque de lo contrario Veracruz, ganar\u00eda una mala imagen, que costar\u00e1 mucho tiempo y esfuerzo recupera.<\/p>\n\n\n\n<p>Y es que con muchos de trabajo se ha ido limpiando la imagen de Veracruz que un tiempo se ensucio por la inseguridad. No es tarea f\u00e1cil, pero es fundamental prevenir m\u00e1s confrontaciones entre bandas porque empiezan como hechos aislados y luego se vuelven algo com\u00fan.<\/p>\n\n\n\n<blockquote class=\"wp-block-quote is-layout-flow wp-block-quote-is-layout-flow\"><p>\u201cLa realidad es que hasta ahora no hemos registrado una baja sustancial o cancelaciones importantes por este motivo, sin embargo, es fundamental que estos hechos dejen de suceder porque si no dejan de suceder, aunque no sea un turista agraviado que afortunadamente eso no ha pasado, empezar\u00edamos nuevamente a dar una mala imagen y eso ser\u00eda lo m\u00e1s f\u00e1cil de esparcir, la buena imagen es muy dif\u00edcil de darla a conocer\u201d.<\/p><\/blockquote>\n\n\n\n<p>No solo el turismo podr\u00eda verse afectado sino tambi\u00e9n otros sectores productivos. Por ello la coordinaci\u00f3n de las fuerzas del orden es clave para ver resultados a corto plazo.<\/p>\n\n\n\n<blockquote class=\"wp-block-quote is-layout-flow wp-block-quote-is-layout-flow\"><p>\u201cYo creo que la reacci\u00f3n de las autoridades se va a ver en los pr\u00f3ximos d\u00edas o meses, que ellos puedan prevenir estas circunstancias y ah\u00ed vamos a poder ver si es una buena reacci\u00f3n o no, sobre todo en el tema de la coordinaci\u00f3n y la misma sociedad que participe\u201d.<\/p><\/blockquote>\n\n\n\n<p>Vio con buenos ojos la llegada de m\u00e1s elementos de seguridad, como parte del reforzamiento de la estrategia para el combate de la violencia e inseguridad.<\/p>\n","protected":false},"excerpt":{"rendered":"<p>Jes\u00fas Utrilla | NV Noticias&nbsp; Veracruz. \u2013 Los hechos violentos del fin de semana pasado no causaron cancelaciones de reservaciones, se\u00f1al\u00f3 el presidente del Consejo Metropolitano del Turismo (Cometur), Sergio Lois Heredia. Sin embargo, admiti\u00f3 que se necesita mantener el reforzamiento de la seguridad en regi\u00f3n para evitar que se vuelvan a repetir enfrentamientos entre [&hellip;]<\/p>\n","protected":false},"author":6,"featured_media":60871,"comment_status":"open","ping_status":"open","sticky":false,"template":"","format":"standard","meta":{"_monsterinsights_skip_tracking":false,"_monsterinsights_sitenote_active":false,"_monsterinsights_sitenote_note":"","_monsterinsights_sitenote_category":0,"footnotes":""},"categories":[154],"tags":[744],"class_list":["post-92153","post","type-post","status-publish","format-standard","has-post-thumbnail","hentry","category-veracruz","tag-turismo","wp-image-borders"],"amp_enabled":true,"_links":{"self":[{"href":"https:\/\/nvnoticias.mx\/index.php\/wp-json\/wp\/v2\/posts\/92153","targetHints":{"allow":["GET"]}}],"collection":[{"href":"https:\/\/nvnoticias.mx\/index.php\/wp-json\/wp\/v2\/posts"}],"about":[{"href":"https:\/\/nvnoticias.mx\/index.php\/wp-json\/wp\/v2\/types\/post"}],"author":[{"embeddable":true,"href":"https:\/\/nvnoticias.mx\/index.php\/wp-json\/wp\/v2\/users\/6"}],"replies":[{"embeddable":true,"href":"https:\/\/nvnoticias.mx\/index.php\/wp-json\/wp\/v2\/comments?post=92153"}],"version-history":[{"count":1,"href":"https:\/\/nvnoticias.mx\/index.php\/wp-json\/wp\/v2\/posts\/92153\/revisions"}],"predecessor-version":[{"id":92154,"href":"https:\/\/nvnoticias.mx\/index.php\/wp-json\/wp\/v2\/posts\/92153\/revisions\/92154"}],"wp:featuredmedia":[{"embeddable":true,"href":"https:\/\/nvnoticias.mx\/index.php\/wp-json\/wp\/v2\/media\/60871"}],"wp:attachment":[{"href":"https:\/\/nvnoticias.mx\/index.php\/wp-json\/wp\/v2\/media?parent=92153"}],"wp:term":[{"taxonomy":"category","embeddable":true,"href":"https:\/\/nvnoticias.mx\/index.php\/wp-json\/wp\/v2\/categories?post=92153"},{"taxonomy":"post_tag","embeddable":true,"href":"https:\/\/nvnoticias.mx\/index.php\/wp-json\/wp\/v2\/tags?post=92153"}],"curies":[{"name":"wp","href":"https:\/\/api.w.org\/{rel}","templated":true}]}}