{"id":92147,"date":"2023-01-29T14:04:49","date_gmt":"2023-01-29T20:04:49","guid":{"rendered":"https:\/\/nvnoticias.mx\/?p=92147"},"modified":"2023-01-29T14:05:33","modified_gmt":"2023-01-29T20:05:33","slug":"turquia-podria-aceptar-a-finlandia-en-la-otan-pero-no-a-suecia","status":"publish","type":"post","link":"https:\/\/nvnoticias.mx\/index.php\/2023\/01\/29\/turquia-podria-aceptar-a-finlandia-en-la-otan-pero-no-a-suecia\/","title":{"rendered":"Turqu\u00eda podr\u00eda aceptar a Finlandia en la OTAN pero no a Suecia"},"content":{"rendered":"\n<p>El presidente turco, Recep Tayyip Erdogan, advirti\u00f3 este domingo de que podr\u00edan responder \u201cdiferente\u201d a la petici\u00f3n de adhesi\u00f3n a la OTAN de Finlandia, una respuesta que \u201cconmocionar\u00e1\u201d a Suecia.<\/p>\n\n\n\n<blockquote class=\"wp-block-quote is-layout-flow wp-block-quote-is-layout-flow\"><p>\u201cResponder\u00edamos diferente a Finlandia si fuera necesaria. Suecia estar\u00e1 conmocionada cuando respondamos distinto a Finlandia. Finlandia no deber\u00eda cometer el mismo error\u201d, apunt\u00f3 Erdogan durante un acto con j\u00f3venes en la provincia turca de Bilecik, seg\u00fan inform\u00f3 la agencia de noticias Anatolia.<\/p><\/blockquote>\n\n\n\n<p>Erdogan record\u00f3 que entreg\u00f3 a Suecia un listado con 120 nombres para su extradici\u00f3n.<\/p>\n\n\n\n<blockquote class=\"wp-block-quote is-layout-flow wp-block-quote-is-layout-flow\"><p>\u201cTen\u00e9is que extraditar a estos terroristas para poder entrar en la OTAN\u201d, subray\u00f3.<\/p><\/blockquote>\n\n\n\n<p>Turqu\u00eda y Hungr\u00eda siguen siendo los \u00fanicos miembros de la alianza de defensa occidental de 30 naciones que no han ratificado las ofertas de membres\u00eda de Suecia y Finlandia.<\/p>\n\n\n\n<p>Se espera que el parlamento h\u00fangaro apruebe ambas ofertas en febrero.<\/p>\n\n\n\n<p>Pero Erdogan se ha mantenido firme de cara a las elecciones presidenciales del 14 de mayo muy re\u00f1idas en las que est\u00e1 tratando de dinamizar su base de apoyo conservadora y nacionalista.<\/p>\n\n\n\n<p>Suecia y Finlandia presentaron el pasado mes de mayo y de forma coordinada sus solicitudes de ingreso en la OTAN, pero Turqu\u00eda como miembro de la Alianza tiene derecho a veto, por lo que ha aprovechado para exigir a Estocolmo que persiga a miembros del partido-milicia kurdo Partido de los Trabajadores del Kurdist\u00e1n (PKK).<\/p>\n\n\n\n<p>La principal queja de Erdogan ha sido la negativa de Suecia a extraditar a decenas de sospechosos que Ankara vincula con militantes kurdos proscritos y un fallido intento de golpe de Estado de 2016.<\/p>\n\n\n\n<p>Fuente: <a href=\"https:\/\/www.infobae.com\/america\/mundo\/2023\/01\/29\/erdogan-dijo-que-turquia-podria-aceptar-a-finlandia-en-la-otan-pero-no-a-suecia\/\">Infobae<\/a><\/p>\n","protected":false},"excerpt":{"rendered":"<p>El presidente turco, Recep Tayyip Erdogan, advirti\u00f3 este domingo de que podr\u00edan responder \u201cdiferente\u201d a la petici\u00f3n de adhesi\u00f3n a la OTAN de Finlandia, una respuesta que \u201cconmocionar\u00e1\u201d a Suecia. \u201cResponder\u00edamos diferente a Finlandia si fuera necesaria. Suecia estar\u00e1 conmocionada cuando respondamos distinto a Finlandia. Finlandia no deber\u00eda cometer el mismo error\u201d, apunt\u00f3 Erdogan durante [&hellip;]<\/p>\n","protected":false},"author":6,"featured_media":26785,"comment_status":"open","ping_status":"open","sticky":false,"template":"","format":"standard","meta":{"_monsterinsights_skip_tracking":false,"_monsterinsights_sitenote_active":false,"_monsterinsights_sitenote_note":"","_monsterinsights_sitenote_category":0,"footnotes":""},"categories":[181],"tags":[9569,4280,5995,3698],"class_list":["post-92147","post","type-post","status-publish","format-standard","has-post-thumbnail","hentry","category-internacional","tag-finlandia","tag-otan","tag-suecia","tag-turquia","wp-image-borders"],"amp_enabled":true,"_links":{"self":[{"href":"https:\/\/nvnoticias.mx\/index.php\/wp-json\/wp\/v2\/posts\/92147","targetHints":{"allow":["GET"]}}],"collection":[{"href":"https:\/\/nvnoticias.mx\/index.php\/wp-json\/wp\/v2\/posts"}],"about":[{"href":"https:\/\/nvnoticias.mx\/index.php\/wp-json\/wp\/v2\/types\/post"}],"author":[{"embeddable":true,"href":"https:\/\/nvnoticias.mx\/index.php\/wp-json\/wp\/v2\/users\/6"}],"replies":[{"embeddable":true,"href":"https:\/\/nvnoticias.mx\/index.php\/wp-json\/wp\/v2\/comments?post=92147"}],"version-history":[{"count":2,"href":"https:\/\/nvnoticias.mx\/index.php\/wp-json\/wp\/v2\/posts\/92147\/revisions"}],"predecessor-version":[{"id":92149,"href":"https:\/\/nvnoticias.mx\/index.php\/wp-json\/wp\/v2\/posts\/92147\/revisions\/92149"}],"wp:featuredmedia":[{"embeddable":true,"href":"https:\/\/nvnoticias.mx\/index.php\/wp-json\/wp\/v2\/media\/26785"}],"wp:attachment":[{"href":"https:\/\/nvnoticias.mx\/index.php\/wp-json\/wp\/v2\/media?parent=92147"}],"wp:term":[{"taxonomy":"category","embeddable":true,"href":"https:\/\/nvnoticias.mx\/index.php\/wp-json\/wp\/v2\/categories?post=92147"},{"taxonomy":"post_tag","embeddable":true,"href":"https:\/\/nvnoticias.mx\/index.php\/wp-json\/wp\/v2\/tags?post=92147"}],"curies":[{"name":"wp","href":"https:\/\/api.w.org\/{rel}","templated":true}]}}