{"id":92108,"date":"2023-01-29T10:09:03","date_gmt":"2023-01-29T16:09:03","guid":{"rendered":"https:\/\/nvnoticias.mx\/?p=92108"},"modified":"2023-01-29T10:09:38","modified_gmt":"2023-01-29T16:09:38","slug":"gana-novak-djokovic-su-decimo-abierto-de-australia","status":"publish","type":"post","link":"https:\/\/nvnoticias.mx\/index.php\/2023\/01\/29\/gana-novak-djokovic-su-decimo-abierto-de-australia\/","title":{"rendered":"Gana Novak Djokovic su d\u00e9cimo Abierto de Australia"},"content":{"rendered":"\n<p>Novak Djokovic gan\u00f3 este domingo su d\u00e9cimo t\u00edtulo del Abierto de Australia e igual\u00f3 los 22 Grand Slams de Rafael Nadal tras derrotar en la final de Melbourne al griego Stefanos Tsitsipas&nbsp;por 6-3, 7-6 (7\/4), 7-6 (7\/5).<\/p>\n\n\n\n<p>El t\u00edtulo tambi\u00e9n permitir\u00e1 al tenista serbio de 35 a\u00f1os desbancar del n\u00famero uno de la clasificaci\u00f3n ATP al joven espa\u00f1ol Carlos Alcaraz, ausente de Australia por lesi\u00f3n.<\/p>\n\n\n\n<p>Deportado en 2022 de Australia por no estar vacunado contra el covid-19 y objeto de otras controversias este a\u00f1o, el serbio estall\u00f3 a llorar junto a los suyos en el palco de su equipo, donde no estaba su padre tras unas pol\u00e9micas im\u00e1genes suyas junto a aficionados prorrusos.<\/p>\n\n\n\n<figure class=\"wp-block-embed is-type-rich is-provider-twitter wp-block-embed-twitter\"><div class=\"wp-block-embed__wrapper\">\n<blockquote class=\"twitter-tweet\" data-width=\"550\" data-dnt=\"true\"><p lang=\"en\" dir=\"ltr\">Novak lifts Norm again ????<a href=\"https:\/\/twitter.com\/DjokerNole?ref_src=twsrc%5Etfw\">@DjokerNole<\/a>\u2022 <a href=\"https:\/\/twitter.com\/hashtag\/AusOpen?src=hash&amp;ref_src=twsrc%5Etfw\">#AusOpen<\/a> \u2022 <a href=\"https:\/\/twitter.com\/hashtag\/AO2023?src=hash&amp;ref_src=twsrc%5Etfw\">#AO2023<\/a> <a href=\"https:\/\/t.co\/pYEZzDVUWO\">pic.twitter.com\/pYEZzDVUWO<\/a><\/p>&mdash; #AusOpen (@AustralianOpen) <a href=\"https:\/\/twitter.com\/AustralianOpen\/status\/1619669580367929345?ref_src=twsrc%5Etfw\">January 29, 2023<\/a><\/blockquote><script async src=\"https:\/\/platform.twitter.com\/widgets.js\" charset=\"utf-8\"><\/script>\n<\/div><\/figure>\n\n\n\n<p>Pero ni estas controversias ni una lesi\u00f3n ocurrida d\u00edas antes del torneo que lo lastr\u00f3 en las primeras rondas pudieron romper el hechizo de Djokovic con esta ciudad donde gan\u00f3 su primer Grand Slam y donde todav\u00eda desconoce qu\u00e9 es perder unas semifinales o una final.<\/p>\n\n\n\n<p>Ante un rival a priori m\u00e1s maduro y con ganas de revancha por la final de Roland Garros perdida en 2021, Djokovic se impuso desde el primer momento al griego, que no consegu\u00eda hacer da\u00f1o ni con su saque ni con sus golpeos.<\/p>\n\n\n\n<p>Adem\u00e1s, en la primera situaci\u00f3n de break en contra en la que se encontr\u00f3, Tsitsipas cometi\u00f3 una doble falta que regal\u00f3 una ventaja de 3-1 para el serbio que ya ser\u00eda definitiva en el primer set.<\/p>\n\n\n\n<p>No fue hasta el segundo parcial que el griego empez\u00f3 a inquietar al serbio, imponi\u00e9ndose en los peloteos con golpes m\u00e1s profundos y asegurando su saque.<\/p>\n\n\n\n<p>Aun as\u00ed, Djokovic no se dejaba intimidar y con una velocidad de piernas que hac\u00eda olvidar los 11 a\u00f1os de diferencia entre ambos llegaba a m\u00faltiples pelotas y obligaba una y otra vez al griego a seguir soltando ganadores y arriesgando para llevarse los puntos.<\/p>\n\n\n\n<p>Despu\u00e9s de salvar con solvencia su \u00fanico punto de quiebre en contra, que tambi\u00e9n era de set, a Djokovic le bast\u00f3 con aprovechar los errores del rival para llevarse el desempate con un saque abierto que Tsitsipas no pudo devolver.<\/p>\n\n\n\n<p>Fuente: <a href=\"https:\/\/www.milenio.com\/deportes\/tenis\/novak-djokovic-gana-decimo-abierto-de-australia\">Milenio<\/a><\/p>\n\n\n\n<p><br><\/p>\n","protected":false},"excerpt":{"rendered":"<p>Novak Djokovic gan\u00f3 este domingo su d\u00e9cimo t\u00edtulo del Abierto de Australia e igual\u00f3 los 22 Grand Slams de Rafael Nadal tras derrotar en la final de Melbourne al griego Stefanos Tsitsipas&nbsp;por 6-3, 7-6 (7\/4), 7-6 (7\/5). El t\u00edtulo tambi\u00e9n permitir\u00e1 al tenista serbio de 35 a\u00f1os desbancar del n\u00famero uno de la clasificaci\u00f3n ATP [&hellip;]<\/p>\n","protected":false},"author":6,"featured_media":92109,"comment_status":"open","ping_status":"open","sticky":false,"template":"","format":"standard","meta":{"_monsterinsights_skip_tracking":false,"_monsterinsights_sitenote_active":false,"_monsterinsights_sitenote_note":"","_monsterinsights_sitenote_category":0,"footnotes":""},"categories":[159],"tags":[1007,1589],"class_list":["post-92108","post","type-post","status-publish","format-standard","has-post-thumbnail","hentry","category-deportes","tag-abierto-de-australia","tag-novak-djokovic","wp-image-borders"],"amp_enabled":true,"_links":{"self":[{"href":"https:\/\/nvnoticias.mx\/index.php\/wp-json\/wp\/v2\/posts\/92108","targetHints":{"allow":["GET"]}}],"collection":[{"href":"https:\/\/nvnoticias.mx\/index.php\/wp-json\/wp\/v2\/posts"}],"about":[{"href":"https:\/\/nvnoticias.mx\/index.php\/wp-json\/wp\/v2\/types\/post"}],"author":[{"embeddable":true,"href":"https:\/\/nvnoticias.mx\/index.php\/wp-json\/wp\/v2\/users\/6"}],"replies":[{"embeddable":true,"href":"https:\/\/nvnoticias.mx\/index.php\/wp-json\/wp\/v2\/comments?post=92108"}],"version-history":[{"count":1,"href":"https:\/\/nvnoticias.mx\/index.php\/wp-json\/wp\/v2\/posts\/92108\/revisions"}],"predecessor-version":[{"id":92110,"href":"https:\/\/nvnoticias.mx\/index.php\/wp-json\/wp\/v2\/posts\/92108\/revisions\/92110"}],"wp:featuredmedia":[{"embeddable":true,"href":"https:\/\/nvnoticias.mx\/index.php\/wp-json\/wp\/v2\/media\/92109"}],"wp:attachment":[{"href":"https:\/\/nvnoticias.mx\/index.php\/wp-json\/wp\/v2\/media?parent=92108"}],"wp:term":[{"taxonomy":"category","embeddable":true,"href":"https:\/\/nvnoticias.mx\/index.php\/wp-json\/wp\/v2\/categories?post=92108"},{"taxonomy":"post_tag","embeddable":true,"href":"https:\/\/nvnoticias.mx\/index.php\/wp-json\/wp\/v2\/tags?post=92108"}],"curies":[{"name":"wp","href":"https:\/\/api.w.org\/{rel}","templated":true}]}}