{"id":92089,"date":"2023-01-28T15:03:42","date_gmt":"2023-01-28T21:03:42","guid":{"rendered":"https:\/\/nvnoticias.mx\/?p=92089"},"modified":"2023-01-28T15:03:42","modified_gmt":"2023-01-28T21:03:42","slug":"bad-bunny-y-sam-smith-cantaran-en-la-ceremonia-de-los-premios-grammy-2023","status":"publish","type":"post","link":"https:\/\/nvnoticias.mx\/index.php\/2023\/01\/28\/bad-bunny-y-sam-smith-cantaran-en-la-ceremonia-de-los-premios-grammy-2023\/","title":{"rendered":"Bad Bunny y Sam Smith cantar\u00e1n en la ceremonia de los Premios Grammy 2023"},"content":{"rendered":"\n<p>Los Premios Grammy 2023 est\u00e1n \u2018a la vuelta de la esquina\u2019, por eso se han ido revelando algunos detalles de la ceremonia que tendr\u00e1 lugar el pr\u00f3ximo domingo 5 de febrero en la Crypto.com Arena, recinto ubicado en Los \u00c1ngeles.<\/p>\n\n\n\n<p>Un aspecto notorio de esta gala ser\u00e1 el talento musical sobre el escenario, del que ya se sabe la primera camada, donde destacan el puertorrique\u00f1o Bad Bunny y el brit\u00e1nico Sam Smith.<\/p>\n\n\n\n<p>El resto de la primera ronda de artistas que actuar\u00e1n en la gran noche musical son: Mary J. Blige, Brandi Carlile, Luke Combs, Steve Lacy, Lizzo y Kim Petras. Otra camada de artistas se anunciar\u00e1 en los pr\u00f3ximos d\u00edas.<\/p>\n\n\n\n<p>En 2023 la ceremonia regresar\u00e1 a Los \u00c1ngeles despu\u00e9s de mudarse el a\u00f1o pasado a Las Vegas debido al aumento de casos de covid-19.<\/p>\n\n\n\n<p>Beyonc\u00e9 ser\u00e1 la protagonista de la ceremonia, pues ostenta nueve nominaciones principales; destaca que su canci\u00f3n Break My Soul obtuvo nominaciones a grabaci\u00f3n y canci\u00f3n del a\u00f1o.<\/p>\n\n\n\n<p>Kendrick Lamar tiene la segunda mayor cantidad de nominaciones, con ocho. Adele y Brandi Carlile recibieron siete nominaciones. Harry Styles, Mary J. Blige, Future, DJ Khaled, The-Dream y el ingeniero de masterizaci\u00f3n Randy Merrill se llevaron seis cada uno.<\/p>\n\n\n\n<p>Asimismo, el comediante y conductor Trevor Noah, quien recientemente dej\u00f3 su puesto como presentador de The Daily Show en Comedy Central, fungir\u00e1 como el maestro de ceremonias el 5 de febrero; ser\u00e1 su tercera vez al frente de los Grammy.<\/p>\n\n\n\n<p>En esta ocasi\u00f3n se agregaron cinco nuevas categor\u00edas a premiar: Compositor del A\u00f1o, No Cl\u00e1sico; Mejor Interpretaci\u00f3n de M\u00fasica Alternativa; Mejor Actuaci\u00f3n Americana; Mejor banda sonora para videojuegos y otros medios interactivos; y Mejor \u00c1lbum de Poes\u00eda Hablada.<\/p>\n\n\n\n<p>Fuente: <a href=\"https:\/\/www.milenio.com\/espectaculos\/musica\/bad-bunny-sam-smith-cantaran-premios-grammy-2023\">Milenio<\/a><\/p>\n","protected":false},"excerpt":{"rendered":"<p>Los Premios Grammy 2023 est\u00e1n \u2018a la vuelta de la esquina\u2019, por eso se han ido revelando algunos detalles de la ceremonia que tendr\u00e1 lugar el pr\u00f3ximo domingo 5 de febrero en la Crypto.com Arena, recinto ubicado en Los \u00c1ngeles. Un aspecto notorio de esta gala ser\u00e1 el talento musical sobre el escenario, del que [&hellip;]<\/p>\n","protected":false},"author":8,"featured_media":92090,"comment_status":"open","ping_status":"open","sticky":false,"template":"","format":"standard","meta":{"_monsterinsights_skip_tracking":false,"_monsterinsights_sitenote_active":false,"_monsterinsights_sitenote_note":"","_monsterinsights_sitenote_category":0,"footnotes":""},"categories":[576],"tags":[6213,21078,22851],"class_list":["post-92089","post","type-post","status-publish","format-standard","has-post-thumbnail","hentry","category-ocio","tag-bad-bunny","tag-grammy-2023","tag-sam-smith","wp-image-borders"],"amp_enabled":true,"_links":{"self":[{"href":"https:\/\/nvnoticias.mx\/index.php\/wp-json\/wp\/v2\/posts\/92089","targetHints":{"allow":["GET"]}}],"collection":[{"href":"https:\/\/nvnoticias.mx\/index.php\/wp-json\/wp\/v2\/posts"}],"about":[{"href":"https:\/\/nvnoticias.mx\/index.php\/wp-json\/wp\/v2\/types\/post"}],"author":[{"embeddable":true,"href":"https:\/\/nvnoticias.mx\/index.php\/wp-json\/wp\/v2\/users\/8"}],"replies":[{"embeddable":true,"href":"https:\/\/nvnoticias.mx\/index.php\/wp-json\/wp\/v2\/comments?post=92089"}],"version-history":[{"count":1,"href":"https:\/\/nvnoticias.mx\/index.php\/wp-json\/wp\/v2\/posts\/92089\/revisions"}],"predecessor-version":[{"id":92091,"href":"https:\/\/nvnoticias.mx\/index.php\/wp-json\/wp\/v2\/posts\/92089\/revisions\/92091"}],"wp:featuredmedia":[{"embeddable":true,"href":"https:\/\/nvnoticias.mx\/index.php\/wp-json\/wp\/v2\/media\/92090"}],"wp:attachment":[{"href":"https:\/\/nvnoticias.mx\/index.php\/wp-json\/wp\/v2\/media?parent=92089"}],"wp:term":[{"taxonomy":"category","embeddable":true,"href":"https:\/\/nvnoticias.mx\/index.php\/wp-json\/wp\/v2\/categories?post=92089"},{"taxonomy":"post_tag","embeddable":true,"href":"https:\/\/nvnoticias.mx\/index.php\/wp-json\/wp\/v2\/tags?post=92089"}],"curies":[{"name":"wp","href":"https:\/\/api.w.org\/{rel}","templated":true}]}}