{"id":92083,"date":"2023-01-28T14:52:08","date_gmt":"2023-01-28T20:52:08","guid":{"rendered":"https:\/\/nvnoticias.mx\/?p=92083"},"modified":"2023-01-28T14:52:09","modified_gmt":"2023-01-28T20:52:09","slug":"a-finales-de-ano-podria-iniciar-operaciones-la-nueva-aduana-del-puerto-de-veracruz-comce","status":"publish","type":"post","link":"https:\/\/nvnoticias.mx\/index.php\/2023\/01\/28\/a-finales-de-ano-podria-iniciar-operaciones-la-nueva-aduana-del-puerto-de-veracruz-comce\/","title":{"rendered":"A finales de a\u00f1o podr\u00eda iniciar operaciones la Nueva Aduana del Puerto de Veracruz: COMCE"},"content":{"rendered":"\n<p><strong>Jes\u00fas Utrilla \/ NV Noticias<\/strong><\/p>\n\n\n\n<p>A finales de 2023 podr\u00eda entrar en funcionamiento la Nueva Aduana del Puerto de Veracruz y ser\u00e1 la m\u00e1s moderna del pa\u00eds, se\u00f1al\u00f3 Jos\u00e9 Luis Valencia Montano, director del Consejo Empresarial Mexicano de Comercio Exterior, Inversi\u00f3n y Tecnolog\u00eda (COMCE) Veracruz.<\/p>\n\n\n\n<p>Dijo que permitir\u00e1 agilizar el despacho aduanero, recaudar m\u00e1s, evitar el paso de mercanc\u00edas il\u00edcitas, brindar\u00e1 mayor seguridad, entre otros aspectos que dar\u00e1n certeza al importador y exportador.<\/p>\n\n\n\n<blockquote class=\"wp-block-quote is-layout-flow wp-block-quote-is-layout-flow\"><p>\u201c<em>Es romper con un paradigma de c\u00f3mo venimos trabajando en la operaci\u00f3n aduanera para tener un sistema de tecnolog\u00eda de avanzada para poder revisar mercanc\u00edas de manera no intrusiva, lo cual agilizar\u00e1 el proceso de despacho de aduanas, el movimiento de contenedores y de las cargas a trav\u00e9s del puerto y dar\u00e1 seguridad al flujo de mercanc\u00edas<\/em>\u201d.<\/p><\/blockquote>\n\n\n\n<p>Seguir\u00e1n manejando Rayos Gamma, Rayos X, dispositivos que miden part\u00edculas para detectar mercanc\u00edas il\u00edcitas y en general ser\u00e1 tecnolog\u00eda de punta, como parte de la evoluci\u00f3n acordada con la Organizaci\u00f3n Mundial de Aduanas.<\/p>\n\n\n\n<blockquote class=\"wp-block-quote is-layout-flow wp-block-quote-is-layout-flow\"><p>\u201c<em>Va a entrar en funciones por completo, las instalaciones de la aduana actual desconozco que vayan a hacer con ellas pero ya toda la operaci\u00f3n se va a concentrar en la nueva aduana<\/em>\u201d.<\/p><\/blockquote>\n\n\n\n<p>Valencia Montano aclar\u00f3 que la Aduana de Veracruz es segura pero la capacidad de operaci\u00f3n est\u00e1 rebasando la capacidad de servicio y por ello urge la nueva instalaci\u00f3n.<br>Cabe recordar que la\u00a0 Agencia Nacional de Aduanas de M\u00e9xico (ANAM) destin\u00f3 83 mil 800 millones de pesos a 166 proyectos estrat\u00e9gicos.<\/p>\n\n\n\n<p>Dentro de ellos se encuentran: la nueva aduana de Veracruz con una inversi\u00f3n de mil 650 millones de pesos.<\/p>\n\n\n\n<p>En Coatzacoalcos: Edificio de la Aduana, 82.3 millones de pesos; vivienda 3.4 millones de pesos; acceso carretero sur, 366.5 millones de pesos; Centro de monitoreo y vigilancia 38.8 millones de pesos y Ruta Fiscal 58 millones de peso.<\/p>\n\n\n\n<p>En Dos Boca 6.7 millones de pesos en la unidad de protecci\u00f3n mar\u00edtima portuaria.<\/p>\n","protected":false},"excerpt":{"rendered":"<p>Jes\u00fas Utrilla \/ NV Noticias A finales de 2023 podr\u00eda entrar en funcionamiento la Nueva Aduana del Puerto de Veracruz y ser\u00e1 la m\u00e1s moderna del pa\u00eds, se\u00f1al\u00f3 Jos\u00e9 Luis Valencia Montano, director del Consejo Empresarial Mexicano de Comercio Exterior, Inversi\u00f3n y Tecnolog\u00eda (COMCE) Veracruz. Dijo que permitir\u00e1 agilizar el despacho aduanero, recaudar m\u00e1s, evitar [&hellip;]<\/p>\n","protected":false},"author":8,"featured_media":92084,"comment_status":"open","ping_status":"open","sticky":false,"template":"","format":"standard","meta":{"_monsterinsights_skip_tracking":false,"_monsterinsights_sitenote_active":false,"_monsterinsights_sitenote_note":"","_monsterinsights_sitenote_category":0,"footnotes":""},"categories":[154],"tags":[20148,6684],"class_list":["post-92083","post","type-post","status-publish","format-standard","has-post-thumbnail","hentry","category-veracruz","tag-aduana-del-puerto-de-veracruz","tag-comce","wp-image-borders"],"amp_enabled":true,"_links":{"self":[{"href":"https:\/\/nvnoticias.mx\/index.php\/wp-json\/wp\/v2\/posts\/92083","targetHints":{"allow":["GET"]}}],"collection":[{"href":"https:\/\/nvnoticias.mx\/index.php\/wp-json\/wp\/v2\/posts"}],"about":[{"href":"https:\/\/nvnoticias.mx\/index.php\/wp-json\/wp\/v2\/types\/post"}],"author":[{"embeddable":true,"href":"https:\/\/nvnoticias.mx\/index.php\/wp-json\/wp\/v2\/users\/8"}],"replies":[{"embeddable":true,"href":"https:\/\/nvnoticias.mx\/index.php\/wp-json\/wp\/v2\/comments?post=92083"}],"version-history":[{"count":1,"href":"https:\/\/nvnoticias.mx\/index.php\/wp-json\/wp\/v2\/posts\/92083\/revisions"}],"predecessor-version":[{"id":92085,"href":"https:\/\/nvnoticias.mx\/index.php\/wp-json\/wp\/v2\/posts\/92083\/revisions\/92085"}],"wp:featuredmedia":[{"embeddable":true,"href":"https:\/\/nvnoticias.mx\/index.php\/wp-json\/wp\/v2\/media\/92084"}],"wp:attachment":[{"href":"https:\/\/nvnoticias.mx\/index.php\/wp-json\/wp\/v2\/media?parent=92083"}],"wp:term":[{"taxonomy":"category","embeddable":true,"href":"https:\/\/nvnoticias.mx\/index.php\/wp-json\/wp\/v2\/categories?post=92083"},{"taxonomy":"post_tag","embeddable":true,"href":"https:\/\/nvnoticias.mx\/index.php\/wp-json\/wp\/v2\/tags?post=92083"}],"curies":[{"name":"wp","href":"https:\/\/api.w.org\/{rel}","templated":true}]}}