{"id":92071,"date":"2023-01-28T12:38:09","date_gmt":"2023-01-28T18:38:09","guid":{"rendered":"https:\/\/nvnoticias.mx\/?p=92071"},"modified":"2023-01-28T12:38:09","modified_gmt":"2023-01-28T18:38:09","slug":"aumentan-tasas-de-interes-en-bancos","status":"publish","type":"post","link":"https:\/\/nvnoticias.mx\/index.php\/2023\/01\/28\/aumentan-tasas-de-interes-en-bancos\/","title":{"rendered":"Aumentan tasas de inter\u00e9s en bancos"},"content":{"rendered":"\n<p><strong>Sam Ojeda\u00a0\/ NV Noticias<\/strong><\/p>\n\n\n\n<p>Xalapa.-&nbsp; El presidente de la Confederaci\u00f3n Patronal de la Rep\u00fablica Mexicana (Coparmex) en Xalapa, Juan Carlos D\u00edaz Morante, se\u00f1al\u00f3 que hay un incremento en la tasa de inter\u00e9s de los bancos.<\/p>\n\n\n\n<p>Ante este escenario lanz\u00f3 un llamado a la poblaci\u00f3n para comprar \u201clo estrictamente necesario\u201d y no adquirir cr\u00e9ditos que se pueden volver impagables.&nbsp;<\/p>\n\n\n\n<p>Dijo que la tasa de inter\u00e9s del Banco de M\u00e9xico se ubica por arriba del 13 por ciento y no descart\u00f3 que se pueda incrementar en loas pr\u00f3ximas semanas.&nbsp;<\/p>\n\n\n\n<blockquote class=\"wp-block-quote is-layout-flow wp-block-quote-is-layout-flow\"><p>\u201c<em>Lo m\u00e1s importante debido al crecimiento de la tasa de inter\u00e9s y una recesi\u00f3n en Estados Unidos es seguir recomendando a la poblaci\u00f3n a comprar lo exclusivamente necesario y no adquirir adeudos con instituciones bancarias porque las tasas de intereses se van elevando<\/em>\u201d.<\/p><\/blockquote>\n\n\n\n<p>En el caso de las empresas, recomend\u00f3 comprar lo indispensable y no excederse en el uso de tarjetas de cr\u00e9dito ante la previsi\u00f3n de un nuevo aumento en las tasas de inter\u00e9s.&nbsp;<\/p>\n\n\n\n<blockquote class=\"wp-block-quote is-layout-flow wp-block-quote-is-layout-flow\"><p>\u201c<em>Estas condiciones pueden repercutir en el patrimonio de las personas pero tambi\u00e9n en el de las empresas<\/em>\u201d, alert\u00f3.\u00a0<\/p><\/blockquote>\n","protected":false},"excerpt":{"rendered":"<p>Sam Ojeda\u00a0\/ NV Noticias Xalapa.-&nbsp; El presidente de la Confederaci\u00f3n Patronal de la Rep\u00fablica Mexicana (Coparmex) en Xalapa, Juan Carlos D\u00edaz Morante, se\u00f1al\u00f3 que hay un incremento en la tasa de inter\u00e9s de los bancos. Ante este escenario lanz\u00f3 un llamado a la poblaci\u00f3n para comprar \u201clo estrictamente necesario\u201d y no adquirir cr\u00e9ditos que se [&hellip;]<\/p>\n","protected":false},"author":8,"featured_media":74281,"comment_status":"open","ping_status":"open","sticky":false,"template":"","format":"standard","meta":{"_monsterinsights_skip_tracking":false,"_monsterinsights_sitenote_active":false,"_monsterinsights_sitenote_note":"","_monsterinsights_sitenote_category":0,"footnotes":""},"categories":[156],"tags":[196,6327],"class_list":["post-92071","post","type-post","status-publish","format-standard","has-post-thumbnail","hentry","category-estado","tag-bancos","tag-interes","wp-image-borders"],"amp_enabled":true,"_links":{"self":[{"href":"https:\/\/nvnoticias.mx\/index.php\/wp-json\/wp\/v2\/posts\/92071","targetHints":{"allow":["GET"]}}],"collection":[{"href":"https:\/\/nvnoticias.mx\/index.php\/wp-json\/wp\/v2\/posts"}],"about":[{"href":"https:\/\/nvnoticias.mx\/index.php\/wp-json\/wp\/v2\/types\/post"}],"author":[{"embeddable":true,"href":"https:\/\/nvnoticias.mx\/index.php\/wp-json\/wp\/v2\/users\/8"}],"replies":[{"embeddable":true,"href":"https:\/\/nvnoticias.mx\/index.php\/wp-json\/wp\/v2\/comments?post=92071"}],"version-history":[{"count":1,"href":"https:\/\/nvnoticias.mx\/index.php\/wp-json\/wp\/v2\/posts\/92071\/revisions"}],"predecessor-version":[{"id":92072,"href":"https:\/\/nvnoticias.mx\/index.php\/wp-json\/wp\/v2\/posts\/92071\/revisions\/92072"}],"wp:featuredmedia":[{"embeddable":true,"href":"https:\/\/nvnoticias.mx\/index.php\/wp-json\/wp\/v2\/media\/74281"}],"wp:attachment":[{"href":"https:\/\/nvnoticias.mx\/index.php\/wp-json\/wp\/v2\/media?parent=92071"}],"wp:term":[{"taxonomy":"category","embeddable":true,"href":"https:\/\/nvnoticias.mx\/index.php\/wp-json\/wp\/v2\/categories?post=92071"},{"taxonomy":"post_tag","embeddable":true,"href":"https:\/\/nvnoticias.mx\/index.php\/wp-json\/wp\/v2\/tags?post=92071"}],"curies":[{"name":"wp","href":"https:\/\/api.w.org\/{rel}","templated":true}]}}