{"id":92055,"date":"2023-01-28T11:41:45","date_gmt":"2023-01-28T17:41:45","guid":{"rendered":"https:\/\/nvnoticias.mx\/?p=92055"},"modified":"2023-01-28T11:41:46","modified_gmt":"2023-01-28T17:41:46","slug":"tendra-tap-taller-de-teatro-comunitario","status":"publish","type":"post","link":"https:\/\/nvnoticias.mx\/index.php\/2023\/01\/28\/tendra-tap-taller-de-teatro-comunitario\/","title":{"rendered":"Tendr\u00e1 TAP Taller de Teatro Comunitario"},"content":{"rendered":"\n<p>Xalapa, Ver.- A partir de febrero, el Taller de Arte Popular (TAP) contar\u00e1 con el Taller de Teatro Comunitario a cargo del promotor cultural Tilo P\u00e9rez, acci\u00f3n con la que se confirma la vocaci\u00f3n multidisciplinaria de este espacio dedicado a la difusi\u00f3n de las artes ancestrales y la capacitaci\u00f3n para el autoempleo.<\/p>\n\n\n\n<p>De acuerdo con la directora de Cultura, Karla Montano Rocher, este nuevo taller se realizar\u00e1 los martes y jueves de 16:30 a 18:00 horas.<\/p>\n\n\n\n<p>Adem\u00e1s, dijo que a trav\u00e9s de los talleres de alfarer\u00eda, talla de madera, cartoner\u00eda y orfebrer\u00eda, en este espacio se realizan trabajos que pueden derivar en emprendimientos.<\/p>\n\n\n\n<p>En este sentido, record\u00f3 el caso de una ex alumna que aprendi\u00f3 a realizar tejas artesanales y hoy en d\u00eda ha montado un negocio a partir del nuevo conocimiento, con lo que mejor\u00f3 su econom\u00eda.<\/p>\n\n\n\n<p>Detall\u00f3 que en el TAP se cuenta con alumnos desde los 6 a\u00f1os, hasta adultos mayores, adem\u00e1s de que para participar no se necesita ser vecino de la colonia Higueras, pues todas y todos son bien recibidos en estos talleres gratuitos<\/p>\n\n\n\n<p>De igual forma, explic\u00f3 que en coordinaci\u00f3n con el Telebachillerato Higueras, que colinda con el TAP, 40 alumnos cursar\u00e1n su clase de artes en las instalaciones, misma que estar\u00e1 vinculada con su formaci\u00f3n acad\u00e9mica con valor para su calificaci\u00f3n general.<\/p>\n\n\n\n<p>Finalmente, invit\u00f3 a seguir las redes sociales de la Direcci\u00f3n de Cultura, con el fin de conocer de las actividades, mismas que incluyen exposiciones a cargo de las y los maestros talleristas para difundir la labor que se realiza.<\/p>\n\n\n\n<figure class=\"wp-block-video aligncenter\"><video controls src=\"https:\/\/nvnoticias.mx\/wp-content\/uploads\/2023\/01\/WhatsApp-Video-2023-01-28-at-10.40.51-AM-1.mp4\"><\/video><\/figure>\n\n\n\n<figure class=\"wp-block-gallery columns-3 is-cropped wp-block-gallery-1 is-layout-flex wp-block-gallery-is-layout-flex\"><ul class=\"blocks-gallery-grid\"><li class=\"blocks-gallery-item\"><figure><img loading=\"lazy\" decoding=\"async\" width=\"1024\" height=\"682\" src=\"https:\/\/nvnoticias.mx\/wp-content\/uploads\/2023\/01\/WhatsApp-Image-2023-01-28-at-10.40.51-AM-1024x682.jpeg\" alt=\"\" data-id=\"92056\" data-link=\"https:\/\/nvnoticias.mx\/?attachment_id=92056\" class=\"wp-image-92056\" srcset=\"https:\/\/nvnoticias.mx\/wp-content\/uploads\/2023\/01\/WhatsApp-Image-2023-01-28-at-10.40.51-AM-1024x682.jpeg 1024w, https:\/\/nvnoticias.mx\/wp-content\/uploads\/2023\/01\/WhatsApp-Image-2023-01-28-at-10.40.51-AM-300x200.jpeg 300w, https:\/\/nvnoticias.mx\/wp-content\/uploads\/2023\/01\/WhatsApp-Image-2023-01-28-at-10.40.51-AM-768x512.jpeg 768w, https:\/\/nvnoticias.mx\/wp-content\/uploads\/2023\/01\/WhatsApp-Image-2023-01-28-at-10.40.51-AM.jpeg 1280w\" sizes=\"auto, (max-width: 1024px) 100vw, 1024px\" \/><\/figure><\/li><li class=\"blocks-gallery-item\"><figure><img loading=\"lazy\" decoding=\"async\" width=\"1024\" height=\"726\" src=\"https:\/\/nvnoticias.mx\/wp-content\/uploads\/2023\/01\/WhatsApp-Image-2023-01-28-at-10.40.51-AM-1-1024x726.jpeg\" alt=\"\" data-id=\"92057\" data-link=\"https:\/\/nvnoticias.mx\/?attachment_id=92057\" class=\"wp-image-92057\" srcset=\"https:\/\/nvnoticias.mx\/wp-content\/uploads\/2023\/01\/WhatsApp-Image-2023-01-28-at-10.40.51-AM-1-1024x726.jpeg 1024w, https:\/\/nvnoticias.mx\/wp-content\/uploads\/2023\/01\/WhatsApp-Image-2023-01-28-at-10.40.51-AM-1-300x213.jpeg 300w, https:\/\/nvnoticias.mx\/wp-content\/uploads\/2023\/01\/WhatsApp-Image-2023-01-28-at-10.40.51-AM-1-768x544.jpeg 768w, https:\/\/nvnoticias.mx\/wp-content\/uploads\/2023\/01\/WhatsApp-Image-2023-01-28-at-10.40.51-AM-1.jpeg 1280w\" sizes=\"auto, (max-width: 1024px) 100vw, 1024px\" \/><\/figure><\/li><li class=\"blocks-gallery-item\"><figure><img loading=\"lazy\" decoding=\"async\" width=\"1024\" height=\"682\" src=\"https:\/\/nvnoticias.mx\/wp-content\/uploads\/2023\/01\/WhatsApp-Image-2023-01-28-at-10.40.51-AM-2-1024x682.jpeg\" alt=\"\" data-id=\"92058\" data-link=\"https:\/\/nvnoticias.mx\/?attachment_id=92058\" class=\"wp-image-92058\" srcset=\"https:\/\/nvnoticias.mx\/wp-content\/uploads\/2023\/01\/WhatsApp-Image-2023-01-28-at-10.40.51-AM-2-1024x682.jpeg 1024w, https:\/\/nvnoticias.mx\/wp-content\/uploads\/2023\/01\/WhatsApp-Image-2023-01-28-at-10.40.51-AM-2-300x200.jpeg 300w, https:\/\/nvnoticias.mx\/wp-content\/uploads\/2023\/01\/WhatsApp-Image-2023-01-28-at-10.40.51-AM-2-768x512.jpeg 768w, https:\/\/nvnoticias.mx\/wp-content\/uploads\/2023\/01\/WhatsApp-Image-2023-01-28-at-10.40.51-AM-2.jpeg 1280w\" sizes=\"auto, (max-width: 1024px) 100vw, 1024px\" \/><\/figure><\/li><li class=\"blocks-gallery-item\"><figure><img loading=\"lazy\" decoding=\"async\" width=\"1024\" height=\"682\" src=\"https:\/\/nvnoticias.mx\/wp-content\/uploads\/2023\/01\/WhatsApp-Image-2023-01-28-at-10.40.51-AM-3-1024x682.jpeg\" alt=\"\" data-id=\"92059\" data-full-url=\"https:\/\/nvnoticias.mx\/wp-content\/uploads\/2023\/01\/WhatsApp-Image-2023-01-28-at-10.40.51-AM-3.jpeg\" data-link=\"https:\/\/nvnoticias.mx\/?attachment_id=92059\" class=\"wp-image-92059\" srcset=\"https:\/\/nvnoticias.mx\/wp-content\/uploads\/2023\/01\/WhatsApp-Image-2023-01-28-at-10.40.51-AM-3-1024x682.jpeg 1024w, https:\/\/nvnoticias.mx\/wp-content\/uploads\/2023\/01\/WhatsApp-Image-2023-01-28-at-10.40.51-AM-3-300x200.jpeg 300w, https:\/\/nvnoticias.mx\/wp-content\/uploads\/2023\/01\/WhatsApp-Image-2023-01-28-at-10.40.51-AM-3-768x512.jpeg 768w, https:\/\/nvnoticias.mx\/wp-content\/uploads\/2023\/01\/WhatsApp-Image-2023-01-28-at-10.40.51-AM-3.jpeg 1280w\" sizes=\"auto, (max-width: 1024px) 100vw, 1024px\" \/><\/figure><\/li><\/ul><\/figure>\n","protected":false},"excerpt":{"rendered":"<p>Xalapa, Ver.- A partir de febrero, el Taller de Arte Popular (TAP) contar\u00e1 con el Taller de Teatro Comunitario a cargo del promotor cultural Tilo P\u00e9rez, acci\u00f3n con la que se confirma la vocaci\u00f3n multidisciplinaria de este espacio dedicado a la difusi\u00f3n de las artes ancestrales y la capacitaci\u00f3n para el autoempleo. De acuerdo con [&hellip;]<\/p>\n","protected":false},"author":8,"featured_media":92062,"comment_status":"open","ping_status":"open","sticky":false,"template":"","format":"standard","meta":{"_monsterinsights_skip_tracking":false,"_monsterinsights_sitenote_active":false,"_monsterinsights_sitenote_note":"","_monsterinsights_sitenote_category":0,"footnotes":""},"categories":[156],"tags":[22847,22846],"class_list":["post-92055","post","type-post","status-publish","format-standard","has-post-thumbnail","hentry","category-estado","tag-taller-teatro-comunitario","tag-tap","wp-image-borders"],"amp_enabled":true,"_links":{"self":[{"href":"https:\/\/nvnoticias.mx\/index.php\/wp-json\/wp\/v2\/posts\/92055","targetHints":{"allow":["GET"]}}],"collection":[{"href":"https:\/\/nvnoticias.mx\/index.php\/wp-json\/wp\/v2\/posts"}],"about":[{"href":"https:\/\/nvnoticias.mx\/index.php\/wp-json\/wp\/v2\/types\/post"}],"author":[{"embeddable":true,"href":"https:\/\/nvnoticias.mx\/index.php\/wp-json\/wp\/v2\/users\/8"}],"replies":[{"embeddable":true,"href":"https:\/\/nvnoticias.mx\/index.php\/wp-json\/wp\/v2\/comments?post=92055"}],"version-history":[{"count":1,"href":"https:\/\/nvnoticias.mx\/index.php\/wp-json\/wp\/v2\/posts\/92055\/revisions"}],"predecessor-version":[{"id":92063,"href":"https:\/\/nvnoticias.mx\/index.php\/wp-json\/wp\/v2\/posts\/92055\/revisions\/92063"}],"wp:featuredmedia":[{"embeddable":true,"href":"https:\/\/nvnoticias.mx\/index.php\/wp-json\/wp\/v2\/media\/92062"}],"wp:attachment":[{"href":"https:\/\/nvnoticias.mx\/index.php\/wp-json\/wp\/v2\/media?parent=92055"}],"wp:term":[{"taxonomy":"category","embeddable":true,"href":"https:\/\/nvnoticias.mx\/index.php\/wp-json\/wp\/v2\/categories?post=92055"},{"taxonomy":"post_tag","embeddable":true,"href":"https:\/\/nvnoticias.mx\/index.php\/wp-json\/wp\/v2\/tags?post=92055"}],"curies":[{"name":"wp","href":"https:\/\/api.w.org\/{rel}","templated":true}]}}