{"id":9202,"date":"2021-03-28T13:06:33","date_gmt":"2021-03-28T19:06:33","guid":{"rendered":"https:\/\/nvnoticias.mx\/?p=9202"},"modified":"2021-03-28T13:06:35","modified_gmt":"2021-03-28T19:06:35","slug":"mejor-la-leche-que-la-cerveza-asi-lo-recomienda-anaya-amlo","status":"publish","type":"post","link":"https:\/\/nvnoticias.mx\/index.php\/2021\/03\/28\/mejor-la-leche-que-la-cerveza-asi-lo-recomienda-anaya-amlo\/","title":{"rendered":"Es mejor la leche que la cerveza; as\u00ed lo recomienda Anaya: AMLO"},"content":{"rendered":"\n<p>Coahuila.- Al advertir que se debe cuidar el agua o se tomar\u00e1n medidas en\u00e9rgicas, el presidente\u00a0<strong>Andr\u00e9s Manuel L\u00f3pez Obrador<\/strong>\u00a0asegur\u00f3 que es mejor la leche que la cerveza <strong>&#8220;as\u00ed lo recomienda Ricardo Anaya, que ya no se tomen caguamas&#8221;. <\/strong><\/p>\n\n\n\n<p>Al encabezar las acciones de rescate y recuperaci\u00f3n del\u00a0\u00c1rea Natural Protegida de Cuatro Ci\u00e9negas, el presidente L\u00f3pez Obrador se\u00f1al\u00f3 que se tiene que convencer para que en el norte el\u00a0crecimiento econ\u00f3mico\u00a0se d\u00e9 por medio de un\u00a0uso racional del agua\u00a0sobre todo para los productores de leche y de cerveza.<\/p>\n\n\n\n<blockquote class=\"wp-block-quote is-layout-flow wp-block-quote-is-layout-flow\"><p>&#8220;No se trata de que se deje de producir la leche sino de ya no seguir ampliando las \u00e1reas de cultivo de alfalfa porque significa m\u00e1s agua para producir leche, la leche es agua. Entonces por qu\u00e9 no sin dejar de producir la cerveza y la leche, aunque es mejor la leche que la cerveza, bueno, as\u00ed lo recomienda Ricardo Anaya que ya no se tomen caguamas, pero por qu\u00e9 no utilizar el agua del sur y del sureste hay tanta agua que se padece de inundaciones&#8221;, dijo. <\/p><p><\/p><\/blockquote>\n\n\n\n<p>Seg\u00fan L\u00f3pez Obrador, durante los 36 a\u00f1os de lo que llama el periodo neoliberal, el director de la Conagua era impuesto por los empresarios m\u00e1s influyentes del pa\u00eds y actualmente encabeza el organismo una cient\u00edfica. <\/p>\n\n\n\n<p>En la Poza Escobedo, acompa\u00f1ado por el gobernador\u00a0Miguel Riquelme\u00a0(PRI), el titular del Ejecutivo dijo que tenemos que hacer conciencia para que se siga conservando los\u00a0recursos naturales.<\/p>\n\n\n\n<p>Fuente: <a href=\"https:\/\/www.milenio.com\/politica\/amlo-critica-excesivo-agua-produccion-leche-cerveza\">Milenio<\/a> &#8211; El Universal<\/p>\n","protected":false},"excerpt":{"rendered":"<p>Coahuila.- Al advertir que se debe cuidar el agua o se tomar\u00e1n medidas en\u00e9rgicas, el presidente\u00a0Andr\u00e9s Manuel L\u00f3pez Obrador\u00a0asegur\u00f3 que es mejor la leche que la cerveza &#8220;as\u00ed lo recomienda Ricardo Anaya, que ya no se tomen caguamas&#8221;. Al encabezar las acciones de rescate y recuperaci\u00f3n del\u00a0\u00c1rea Natural Protegida de Cuatro Ci\u00e9negas, el presidente L\u00f3pez [&hellip;]<\/p>\n","protected":false},"author":6,"featured_media":9203,"comment_status":"open","ping_status":"open","sticky":false,"template":"","format":"standard","meta":{"_monsterinsights_skip_tracking":false,"_monsterinsights_sitenote_active":false,"_monsterinsights_sitenote_note":"","_monsterinsights_sitenote_category":0,"footnotes":""},"categories":[157],"tags":[188,2616,2615,162,509],"class_list":["post-9202","post","type-post","status-publish","format-standard","has-post-thumbnail","hentry","category-nacional","tag-amlo","tag-cerveza","tag-leche","tag-portada","tag-ricardo-anaya","wp-image-borders"],"amp_enabled":true,"_links":{"self":[{"href":"https:\/\/nvnoticias.mx\/index.php\/wp-json\/wp\/v2\/posts\/9202","targetHints":{"allow":["GET"]}}],"collection":[{"href":"https:\/\/nvnoticias.mx\/index.php\/wp-json\/wp\/v2\/posts"}],"about":[{"href":"https:\/\/nvnoticias.mx\/index.php\/wp-json\/wp\/v2\/types\/post"}],"author":[{"embeddable":true,"href":"https:\/\/nvnoticias.mx\/index.php\/wp-json\/wp\/v2\/users\/6"}],"replies":[{"embeddable":true,"href":"https:\/\/nvnoticias.mx\/index.php\/wp-json\/wp\/v2\/comments?post=9202"}],"version-history":[{"count":1,"href":"https:\/\/nvnoticias.mx\/index.php\/wp-json\/wp\/v2\/posts\/9202\/revisions"}],"predecessor-version":[{"id":9204,"href":"https:\/\/nvnoticias.mx\/index.php\/wp-json\/wp\/v2\/posts\/9202\/revisions\/9204"}],"wp:featuredmedia":[{"embeddable":true,"href":"https:\/\/nvnoticias.mx\/index.php\/wp-json\/wp\/v2\/media\/9203"}],"wp:attachment":[{"href":"https:\/\/nvnoticias.mx\/index.php\/wp-json\/wp\/v2\/media?parent=9202"}],"wp:term":[{"taxonomy":"category","embeddable":true,"href":"https:\/\/nvnoticias.mx\/index.php\/wp-json\/wp\/v2\/categories?post=9202"},{"taxonomy":"post_tag","embeddable":true,"href":"https:\/\/nvnoticias.mx\/index.php\/wp-json\/wp\/v2\/tags?post=9202"}],"curies":[{"name":"wp","href":"https:\/\/api.w.org\/{rel}","templated":true}]}}