{"id":92007,"date":"2023-01-27T15:45:19","date_gmt":"2023-01-27T21:45:19","guid":{"rendered":"https:\/\/nvnoticias.mx\/?p=92007"},"modified":"2023-01-27T15:45:21","modified_gmt":"2023-01-27T21:45:21","slug":"solucionaran-trafico-en-caseta-de-fortin-anuncia-gobernador","status":"publish","type":"post","link":"https:\/\/nvnoticias.mx\/index.php\/2023\/01\/27\/solucionaran-trafico-en-caseta-de-fortin-anuncia-gobernador\/","title":{"rendered":"Solucionar\u00e1n tr\u00e1fico en caseta de Fort\u00edn, anuncia Gobernador"},"content":{"rendered":"\n<p><strong>Sam Ojeda \/ NV Noticias<\/strong><\/p>\n\n\n\n<p>Xalapa.- El gobernador de Veracruz, Cuitl\u00e1huac Garc\u00eda Jim\u00e9nezanunci\u00f3 que este a\u00f1o se dar\u00e1 soluci\u00f3n al tr\u00e1fico de carga pesada que se registra en la caseta de Fort\u00edn.<\/p>\n\n\n\n<p>Dijo que esto se realizar\u00e1 a trav\u00e9s de un convenio con Caminos y Puentes Federales (Capufe) para reducir el tr\u00e1fico en esta zona que sirve de conexi\u00f3n a Veracruz y Ciudad de M\u00e9xico, y que se prev\u00e9 que en abril se d\u00e9 a conocer el monto de inversi\u00f3n.&nbsp;<\/p>\n\n\n\n<blockquote class=\"wp-block-quote is-layout-flow wp-block-quote-is-layout-flow\"><p>\u201c<em>Tenemos la soluci\u00f3n al problema de la caseta de Fort\u00edn, la soluci\u00f3n t\u00e9cnico-cient\u00edfica que resuelve el tr\u00e1fico en la caseta de Fort\u00edn y el presupuesto. En abril se dar\u00e1 a conocer el monto<\/em>\u201d.<\/p><\/blockquote>\n\n\n\n<p>Como parte del proyecto se analiz\u00f3 el&nbsp; flujo de camiones de carga que llega a ese punto y que esperan en mayo lanzar la convocatoria para dar a conocer los detalles de este proyecto.&nbsp;<\/p>\n\n\n\n<blockquote class=\"wp-block-quote is-layout-flow wp-block-quote-is-layout-flow\"><p>\u201c<em>La soluci\u00f3n se implementar\u00e1 a partir de mayo cuando se lance la convocatoria con las especificaciones t\u00e9cnicas y se espera que quede concluido este mismo a\u00f1o. Lo importante era que mediante un estudio cient\u00edfico de tr\u00e1fico, de carga<\/em>\u201d.<\/p><\/blockquote>\n\n\n\n<p>Al agradecer la participaci\u00f3n de la directora de Caminos y Puentes Federales, Elsa Veites Ar\u00e9valo, dijo que el proyecto permitir\u00e1 atender esta situaci\u00f3n incluso ocho a\u00f1os despu\u00e9s de su puesta en marcha.&nbsp;<\/p>\n\n\n\n<blockquote class=\"wp-block-quote is-layout-flow wp-block-quote-is-layout-flow\"><p>\u201c<em>Va a garantizar hasta 8 a\u00f1os despu\u00e9s de que se termine, como una soluci\u00f3n muy buena. Nosotros vamos a ayudar en un tramo de esa autopista, son 250 metros que vamos a apoyar en la zona de carretera federal a Huatusco para que haya amplitud suficiente y eso corre de nuestra parte<\/em>\u201d.\u00a0<\/p><\/blockquote>\n","protected":false},"excerpt":{"rendered":"<p>Sam Ojeda \/ NV Noticias Xalapa.- El gobernador de Veracruz, Cuitl\u00e1huac Garc\u00eda Jim\u00e9nezanunci\u00f3 que este a\u00f1o se dar\u00e1 soluci\u00f3n al tr\u00e1fico de carga pesada que se registra en la caseta de Fort\u00edn. Dijo que esto se realizar\u00e1 a trav\u00e9s de un convenio con Caminos y Puentes Federales (Capufe) para reducir el tr\u00e1fico en esta zona [&hellip;]<\/p>\n","protected":false},"author":8,"featured_media":92008,"comment_status":"open","ping_status":"open","sticky":false,"template":"","format":"standard","meta":{"_monsterinsights_skip_tracking":false,"_monsterinsights_sitenote_active":false,"_monsterinsights_sitenote_note":"","_monsterinsights_sitenote_category":0,"footnotes":""},"categories":[156],"tags":[22841,4986],"class_list":["post-92007","post","type-post","status-publish","format-standard","has-post-thumbnail","hentry","category-estado","tag-caseta-fortin","tag-trafico","wp-image-borders"],"amp_enabled":true,"_links":{"self":[{"href":"https:\/\/nvnoticias.mx\/index.php\/wp-json\/wp\/v2\/posts\/92007","targetHints":{"allow":["GET"]}}],"collection":[{"href":"https:\/\/nvnoticias.mx\/index.php\/wp-json\/wp\/v2\/posts"}],"about":[{"href":"https:\/\/nvnoticias.mx\/index.php\/wp-json\/wp\/v2\/types\/post"}],"author":[{"embeddable":true,"href":"https:\/\/nvnoticias.mx\/index.php\/wp-json\/wp\/v2\/users\/8"}],"replies":[{"embeddable":true,"href":"https:\/\/nvnoticias.mx\/index.php\/wp-json\/wp\/v2\/comments?post=92007"}],"version-history":[{"count":1,"href":"https:\/\/nvnoticias.mx\/index.php\/wp-json\/wp\/v2\/posts\/92007\/revisions"}],"predecessor-version":[{"id":92009,"href":"https:\/\/nvnoticias.mx\/index.php\/wp-json\/wp\/v2\/posts\/92007\/revisions\/92009"}],"wp:featuredmedia":[{"embeddable":true,"href":"https:\/\/nvnoticias.mx\/index.php\/wp-json\/wp\/v2\/media\/92008"}],"wp:attachment":[{"href":"https:\/\/nvnoticias.mx\/index.php\/wp-json\/wp\/v2\/media?parent=92007"}],"wp:term":[{"taxonomy":"category","embeddable":true,"href":"https:\/\/nvnoticias.mx\/index.php\/wp-json\/wp\/v2\/categories?post=92007"},{"taxonomy":"post_tag","embeddable":true,"href":"https:\/\/nvnoticias.mx\/index.php\/wp-json\/wp\/v2\/tags?post=92007"}],"curies":[{"name":"wp","href":"https:\/\/api.w.org\/{rel}","templated":true}]}}