{"id":91992,"date":"2023-01-27T13:51:04","date_gmt":"2023-01-27T19:51:04","guid":{"rendered":"https:\/\/nvnoticias.mx\/?p=91992"},"modified":"2023-01-27T13:51:05","modified_gmt":"2023-01-27T19:51:05","slug":"revela-marko-cortes-que-una-mujer-sera-candidata-a-gobernadora-en-guanajuato","status":"publish","type":"post","link":"https:\/\/nvnoticias.mx\/index.php\/2023\/01\/27\/revela-marko-cortes-que-una-mujer-sera-candidata-a-gobernadora-en-guanajuato\/","title":{"rendered":"Revela Marko Cort\u00e9s que una mujer ser\u00e1 candidata a gobernadora en Guanajuato"},"content":{"rendered":"\n<p>El presidente nacional del\u00a0<strong>PAN, Marko Cort\u00e9s<\/strong>, revel\u00f3 que en<strong>\u00a0Guanajuato<\/strong>\u00a0se postular\u00e1 a una mujer como candidata a<strong>\u00a0gobernadora<\/strong>\u00a0en 2024.<\/p>\n\n\n\n<p>En entrevista al asistir a la reuni\u00f3n plenaria de senadores del PAN, garantiz\u00f3 piso parejo para quienes participen en el proceso interno.<\/p>\n\n\n\n<blockquote class=\"wp-block-quote is-layout-flow wp-block-quote-is-layout-flow\"><p>&#8220;En Guanajuato tenemos que impulsar a mujeres muy competitivas, lo hicimos en Aguascalientes y en Chihuahua y ah\u00ed tenemos gobernadoras y yo veo que ac\u00e1 en Guanajuato tendremos gobernadora&#8221;.<\/p><\/blockquote>\n\n\n\n<p>Garantiz\u00f3 piso parejo para quienes participen en el proceso interno por la candidatura y dijo que ser\u00e1 la militancia interna del PAN quien elija entre los liderazgos de mujeres en este estado.<\/p>\n\n\n\n<p>Record\u00f3 que en el Consejo Nacional del PAN se acord\u00f3 &#8220;una mayor participaci\u00f3n de las mujeres, &#8220;no solo para que participen, para que ganen&#8221;.<\/p>\n\n\n\n<p>Cabe destacar que entre las mujeres del PAN que han manifestado su inter\u00e9s en participar est\u00e1n la alcaldesa de Le\u00f3n, Alejandra Guti\u00e9rrez; la secretaria de Gobierno de Guanajuato, Libia Garc\u00eda Mu\u00f1oz Ledo y la senadora Alejandra Reynoso.<\/p>\n\n\n\n<p>Fuente: <a href=\"https:\/\/www.eluniversal.com.mx\/nacion\/pan-revela-marko-cortes-que-una-mujer-sera-candidata-gobernadora-en-guanajuato\" data-type=\"URL\" data-id=\"https:\/\/www.eluniversal.com.mx\/nacion\/pan-revela-marko-cortes-que-una-mujer-sera-candidata-gobernadora-en-guanajuato\">El Universal<\/a><\/p>\n","protected":false},"excerpt":{"rendered":"<p>El presidente nacional del\u00a0PAN, Marko Cort\u00e9s, revel\u00f3 que en\u00a0Guanajuato\u00a0se postular\u00e1 a una mujer como candidata a\u00a0gobernadora\u00a0en 2024. En entrevista al asistir a la reuni\u00f3n plenaria de senadores del PAN, garantiz\u00f3 piso parejo para quienes participen en el proceso interno. &#8220;En Guanajuato tenemos que impulsar a mujeres muy competitivas, lo hicimos en Aguascalientes y en Chihuahua [&hellip;]<\/p>\n","protected":false},"author":35,"featured_media":6103,"comment_status":"open","ping_status":"open","sticky":false,"template":"","format":"standard","meta":{"_monsterinsights_skip_tracking":false,"_monsterinsights_sitenote_active":false,"_monsterinsights_sitenote_note":"","_monsterinsights_sitenote_category":0,"footnotes":""},"categories":[158],"tags":[5072,597,204,8599],"class_list":["post-91992","post","type-post","status-publish","format-standard","has-post-thumbnail","hentry","category-politica","tag-guanajuato","tag-marko-cortes","tag-mujer","tag-revela","wp-image-borders"],"amp_enabled":true,"_links":{"self":[{"href":"https:\/\/nvnoticias.mx\/index.php\/wp-json\/wp\/v2\/posts\/91992","targetHints":{"allow":["GET"]}}],"collection":[{"href":"https:\/\/nvnoticias.mx\/index.php\/wp-json\/wp\/v2\/posts"}],"about":[{"href":"https:\/\/nvnoticias.mx\/index.php\/wp-json\/wp\/v2\/types\/post"}],"author":[{"embeddable":true,"href":"https:\/\/nvnoticias.mx\/index.php\/wp-json\/wp\/v2\/users\/35"}],"replies":[{"embeddable":true,"href":"https:\/\/nvnoticias.mx\/index.php\/wp-json\/wp\/v2\/comments?post=91992"}],"version-history":[{"count":1,"href":"https:\/\/nvnoticias.mx\/index.php\/wp-json\/wp\/v2\/posts\/91992\/revisions"}],"predecessor-version":[{"id":91993,"href":"https:\/\/nvnoticias.mx\/index.php\/wp-json\/wp\/v2\/posts\/91992\/revisions\/91993"}],"wp:featuredmedia":[{"embeddable":true,"href":"https:\/\/nvnoticias.mx\/index.php\/wp-json\/wp\/v2\/media\/6103"}],"wp:attachment":[{"href":"https:\/\/nvnoticias.mx\/index.php\/wp-json\/wp\/v2\/media?parent=91992"}],"wp:term":[{"taxonomy":"category","embeddable":true,"href":"https:\/\/nvnoticias.mx\/index.php\/wp-json\/wp\/v2\/categories?post=91992"},{"taxonomy":"post_tag","embeddable":true,"href":"https:\/\/nvnoticias.mx\/index.php\/wp-json\/wp\/v2\/tags?post=91992"}],"curies":[{"name":"wp","href":"https:\/\/api.w.org\/{rel}","templated":true}]}}