{"id":91977,"date":"2023-01-27T13:24:44","date_gmt":"2023-01-27T19:24:44","guid":{"rendered":"https:\/\/nvnoticias.mx\/?p=91977"},"modified":"2023-01-27T13:24:45","modified_gmt":"2023-01-27T19:24:45","slug":"ccme-confia-que-comience-a-estabilizarse-la-inflacion-y-que-haya-mejores-tasas-de-interes","status":"publish","type":"post","link":"https:\/\/nvnoticias.mx\/index.php\/2023\/01\/27\/ccme-confia-que-comience-a-estabilizarse-la-inflacion-y-que-haya-mejores-tasas-de-interes\/","title":{"rendered":"CCME conf\u00eda que comience a estabilizarse la inflaci\u00f3n y que haya mejores tasas de inter\u00e9s"},"content":{"rendered":"\n<p><strong>Jes\u00fas Utrilla \/ NV Noticias<\/strong><\/p>\n\n\n\n<p>El \u00edndice inflacionario del pa\u00eds podr\u00eda seguir incrementando durante los primeros meses de este a\u00f1o, consider\u00f3 Sof\u00eda P\u00e9rez Gasque Muslera, presidenta nacional del Consejo Coordinador de Mujeres Empresarias (CCME).<\/p>\n\n\n\n<p>Dijo que el primer mes de 2023 comenz\u00f3 con poca inversi\u00f3n, por la falta de certeza jur\u00eddica, sin embargo, la iniciativa privada genera alianzas regionales para motivar la inversi\u00f3n local.<\/p>\n\n\n\n<blockquote class=\"wp-block-quote is-layout-flow wp-block-quote-is-layout-flow\"><p>\u201c<em>Empezamos un a\u00f1o esperando que la inflaci\u00f3n baje, que pod\u00e1moste de despu\u00e9s del segundo semestre una menor inflaci\u00f3n. Creo que vamos a tener m\u00e1s certidumbre en el tema de inversi\u00f3n regionalizada. Muchas inversiones nacionales se detuvieron por falta de certeza jur\u00eddica, sin embargo, cada regi\u00f3n est\u00e1 potencializando alianzas para la inversi\u00f3n local<\/em>\u201d.<\/p><\/blockquote>\n\n\n\n<p>Dijo que durante este a\u00f1o ser\u00e1 importante trabajar en la formalizaci\u00f3n de las empresas, sobre todo las micros y peque\u00f1as para poder hacer frente al incremento que se avecina de la tasa de inter\u00e9s por parte del Banco de M\u00e9xico.<\/p>\n\n\n\n<blockquote class=\"wp-block-quote is-layout-flow wp-block-quote-is-layout-flow\"><p>\u201c<em>Aunque sabemos que las tasas de inter\u00e9s van a seguir subiendo por el impacto de la macroeconom\u00eda muchas soluciones tienen que ver con la formalizaci\u00f3n y podremos acceder a mejores tasas<\/em>\u201d.<\/p><\/blockquote>\n\n\n\n<p>Finalmente confi\u00f3 en que los planes energ\u00e9ticos de este a\u00f1o recurran a la inversi\u00f3n privada, ante la complicada situaci\u00f3n por la que atraviesan Petr\u00f3leos Mexicanos y la Comisi\u00f3n Federal de Electricidad.<\/p>\n","protected":false},"excerpt":{"rendered":"<p>Jes\u00fas Utrilla \/ NV Noticias El \u00edndice inflacionario del pa\u00eds podr\u00eda seguir incrementando durante los primeros meses de este a\u00f1o, consider\u00f3 Sof\u00eda P\u00e9rez Gasque Muslera, presidenta nacional del Consejo Coordinador de Mujeres Empresarias (CCME). Dijo que el primer mes de 2023 comenz\u00f3 con poca inversi\u00f3n, por la falta de certeza jur\u00eddica, sin embargo, la iniciativa [&hellip;]<\/p>\n","protected":false},"author":8,"featured_media":91978,"comment_status":"open","ping_status":"open","sticky":false,"template":"","format":"standard","meta":{"_monsterinsights_skip_tracking":false,"_monsterinsights_sitenote_active":false,"_monsterinsights_sitenote_note":"","_monsterinsights_sitenote_category":0,"footnotes":""},"categories":[154],"tags":[22835,2978],"class_list":["post-91977","post","type-post","status-publish","format-standard","has-post-thumbnail","hentry","category-veracruz","tag-ccme","tag-inflacion","wp-image-borders"],"amp_enabled":true,"_links":{"self":[{"href":"https:\/\/nvnoticias.mx\/index.php\/wp-json\/wp\/v2\/posts\/91977","targetHints":{"allow":["GET"]}}],"collection":[{"href":"https:\/\/nvnoticias.mx\/index.php\/wp-json\/wp\/v2\/posts"}],"about":[{"href":"https:\/\/nvnoticias.mx\/index.php\/wp-json\/wp\/v2\/types\/post"}],"author":[{"embeddable":true,"href":"https:\/\/nvnoticias.mx\/index.php\/wp-json\/wp\/v2\/users\/8"}],"replies":[{"embeddable":true,"href":"https:\/\/nvnoticias.mx\/index.php\/wp-json\/wp\/v2\/comments?post=91977"}],"version-history":[{"count":1,"href":"https:\/\/nvnoticias.mx\/index.php\/wp-json\/wp\/v2\/posts\/91977\/revisions"}],"predecessor-version":[{"id":91979,"href":"https:\/\/nvnoticias.mx\/index.php\/wp-json\/wp\/v2\/posts\/91977\/revisions\/91979"}],"wp:featuredmedia":[{"embeddable":true,"href":"https:\/\/nvnoticias.mx\/index.php\/wp-json\/wp\/v2\/media\/91978"}],"wp:attachment":[{"href":"https:\/\/nvnoticias.mx\/index.php\/wp-json\/wp\/v2\/media?parent=91977"}],"wp:term":[{"taxonomy":"category","embeddable":true,"href":"https:\/\/nvnoticias.mx\/index.php\/wp-json\/wp\/v2\/categories?post=91977"},{"taxonomy":"post_tag","embeddable":true,"href":"https:\/\/nvnoticias.mx\/index.php\/wp-json\/wp\/v2\/tags?post=91977"}],"curies":[{"name":"wp","href":"https:\/\/api.w.org\/{rel}","templated":true}]}}