{"id":91862,"date":"2023-01-26T16:57:45","date_gmt":"2023-01-26T22:57:45","guid":{"rendered":"https:\/\/nvnoticias.mx\/?p=91862"},"modified":"2023-01-26T16:57:45","modified_gmt":"2023-01-26T22:57:45","slug":"veracruz-entre-los-estados-con-mayor-carencia-en-salud-jaime-de-la-garza","status":"publish","type":"post","link":"https:\/\/nvnoticias.mx\/index.php\/2023\/01\/26\/veracruz-entre-los-estados-con-mayor-carencia-en-salud-jaime-de-la-garza\/","title":{"rendered":"Veracruz entre los estados con mayor carencia en Salud: Jaime de la Garza"},"content":{"rendered":"\n<p><strong>Jes\u00fas Utrilla \/ NV Noticias<\/strong><\/p>\n\n\n\n<p>El diputado local por el Distrito XVI, Jaime Enrique de la Garza Mart\u00ednez present\u00f3 ante el pleno de la c\u00e1mara de diputados de la LXVI Legislatura del Estado de Veracruz la iniciativa de decreto que adiciona la fracci\u00f3n XX Bis al apartado a del art\u00edculo 3 de la ley de salud en la entidad que consiste en subrogar los gastos econ\u00f3micos por concepto de prestaci\u00f3n de servicios de salud, atenci\u00f3n m\u00e9dica, hospitalizaci\u00f3n, medicamentos y dem\u00e1s insumos asociados otorgados por el sector privado a las personas sin seguridad social que les sea denegado el servicio en los centros de salud, cl\u00ednicas y hospitales a cargo del Gobierno del Estado. <\/p>\n\n\n\n<p>Jaime de la Garza, explic\u00f3 que de acuerdo a los datos proporcionados por el CONEVAL de 2020, en M\u00e9xico, la carencia por acceso a los servicios de salud de la poblaci\u00f3n que no cuenta con adscripci\u00f3n o afiliaci\u00f3n a las instituciones p\u00fablicas de seguridad social (IMSS, ISSSTE, Pemex, Ej\u00e9rcito o Marina), o bien, no report\u00f3 tener derecho a recibir los servicios que presta el Instituto de Salud para el Bienestar (INSABI) es de 28.2%, esto es, alrededor de 35.7 millones de personas; mientras que, en Veracruz, el porcentaje es de 31%, lo que representa un total de 2 millones 508 mil personas, aproximadamente. <\/p>\n\n\n\n<p>El diputado local se\u00f1al\u00f3 que la situaci\u00f3n se torna m\u00e1s grave para las personas con este tipo de carencia cuando se enfrenta una enfermedad grave que puede sumir a una familia en la pobreza o ahondar los niveles de desigualdad social, por los gastos propios de la enfermedad o por la p\u00e9rdida de ingreso si la persona enferma era quien contribu\u00eda al ingreso familiar. <\/p>\n\n\n\n<p>En ese sentido, Jaime de la Garza acus\u00f3 que en el tema de salud Veracruz se destaca por la ineficiencia de un gobierno \u201cque no ha hecho las cosas como se deben, en Salud este 31%, este n\u00famero no se debe quedar en una cifra lejana, poco palpable, ese n\u00famero representa a un total de dos millones 500 mil veracruzanos (\u2026)\u201d. <\/p>\n\n\n\n<p>El legislador Jaime de la Garza, precis\u00f3 que de acuerdo al reporte Ejecutivo de la Evaluaci\u00f3n Espec\u00edfica de Desempe\u00f1o del Fondo de Aportaciones para los Servicios \u00a0de Salud (FASSA) en el a\u00f1o 2022 indica que en el ejercicio fiscal \u00a02021 se destinaron 7, 423 millones al estado de Veracruz, sin embargo, hubo un subejercicio de 18 millones 500 mil pesos a lo cual la entidad de evaluaci\u00f3n expres\u00f3 en su informe de Servicios de Salud de Veracruz (SESVER) deber\u00eda implementar los controles necesarios para disminuir o erradicar estas pr\u00e1cticas de efectuar un gasto menor a lo autorizado. <\/p>\n\n\n\n<blockquote class=\"wp-block-quote is-layout-flow wp-block-quote-is-layout-flow\"><p>\u201c<em>Asimismo la entidad valuadora orden\u00f3 a SESVER y cito es necesario que SESVER implemente un informe anual de resultados con los recursos del FASA donde se ponga en consideraci\u00f3n los evaluadores, fiscalizadores o ciudadan\u00eda la descripci\u00f3n de actividades, el gasto de recursos y el planteamiento de si lo programado realmente se cumpli\u00f3 lo que coadyuvar\u00eda incluso a evitar subejercicio de los recursos<\/em>\u201d.<\/p><\/blockquote>\n\n\n\n<p>Agreg\u00f3 que la misma entidad dio a conocer en el informe que al intentar revisar la aplicaci\u00f3n del recurso en programa del SESVER autorizado no se pudo verificar si se transparentan las principales acciones de ese programa y verificar si es que disponen de un informe anual de resultados que muestre el cumplimiento de lo programado. <\/p>\n\n\n\n<blockquote class=\"wp-block-quote is-layout-flow wp-block-quote-is-layout-flow\"><p>\u201c<em>Tambi\u00e9n presentan debilidades en el c\u00f3digo de \u00e9tica y ministraci\u00f3n de medicinas y actividades de control interno, bajas de personal entre otras, pero que tal que como fortaleza marcan la gesti\u00f3n de 55 buzones de acr\u00edlicos para quejas y sugerencias, redacci\u00f3n de manuales, ese es el sistema de Salud en el Estado de Veracruz, no la atenci\u00f3n, no la transparencia, no la buena administraci\u00f3n<\/em>\u201d, sostuvo.<\/p><\/blockquote>\n\n\n\n<p>Sostuvo que, por esta raz\u00f3n, es impostergable que, acorde a las \u00faltimas reformas aprobadas por esta Soberan\u00eda en materia de salud, el Estado subrogue los gastos realizados por este sector de la poblaci\u00f3n cuando se encuentre en una situaci\u00f3n de esta naturaleza.<\/p>\n","protected":false},"excerpt":{"rendered":"<p>Jes\u00fas Utrilla \/ NV Noticias El diputado local por el Distrito XVI, Jaime Enrique de la Garza Mart\u00ednez present\u00f3 ante el pleno de la c\u00e1mara de diputados de la LXVI Legislatura del Estado de Veracruz la iniciativa de decreto que adiciona la fracci\u00f3n XX Bis al apartado a del art\u00edculo 3 de la ley de [&hellip;]<\/p>\n","protected":false},"author":8,"featured_media":91863,"comment_status":"open","ping_status":"open","sticky":false,"template":"","format":"standard","meta":{"_monsterinsights_skip_tracking":false,"_monsterinsights_sitenote_active":false,"_monsterinsights_sitenote_note":"","_monsterinsights_sitenote_category":0,"footnotes":""},"categories":[154],"tags":[20603,2467,193,180],"class_list":["post-91862","post","type-post","status-publish","format-standard","has-post-thumbnail","hentry","category-veracruz","tag-carencia","tag-jaime-de-la-garza","tag-salud","tag-veracruz","wp-image-borders"],"amp_enabled":true,"_links":{"self":[{"href":"https:\/\/nvnoticias.mx\/index.php\/wp-json\/wp\/v2\/posts\/91862","targetHints":{"allow":["GET"]}}],"collection":[{"href":"https:\/\/nvnoticias.mx\/index.php\/wp-json\/wp\/v2\/posts"}],"about":[{"href":"https:\/\/nvnoticias.mx\/index.php\/wp-json\/wp\/v2\/types\/post"}],"author":[{"embeddable":true,"href":"https:\/\/nvnoticias.mx\/index.php\/wp-json\/wp\/v2\/users\/8"}],"replies":[{"embeddable":true,"href":"https:\/\/nvnoticias.mx\/index.php\/wp-json\/wp\/v2\/comments?post=91862"}],"version-history":[{"count":1,"href":"https:\/\/nvnoticias.mx\/index.php\/wp-json\/wp\/v2\/posts\/91862\/revisions"}],"predecessor-version":[{"id":91864,"href":"https:\/\/nvnoticias.mx\/index.php\/wp-json\/wp\/v2\/posts\/91862\/revisions\/91864"}],"wp:featuredmedia":[{"embeddable":true,"href":"https:\/\/nvnoticias.mx\/index.php\/wp-json\/wp\/v2\/media\/91863"}],"wp:attachment":[{"href":"https:\/\/nvnoticias.mx\/index.php\/wp-json\/wp\/v2\/media?parent=91862"}],"wp:term":[{"taxonomy":"category","embeddable":true,"href":"https:\/\/nvnoticias.mx\/index.php\/wp-json\/wp\/v2\/categories?post=91862"},{"taxonomy":"post_tag","embeddable":true,"href":"https:\/\/nvnoticias.mx\/index.php\/wp-json\/wp\/v2\/tags?post=91862"}],"curies":[{"name":"wp","href":"https:\/\/api.w.org\/{rel}","templated":true}]}}