{"id":91795,"date":"2023-01-26T11:41:27","date_gmt":"2023-01-26T17:41:27","guid":{"rendered":"https:\/\/nvnoticias.mx\/?p=91795"},"modified":"2023-01-26T11:41:29","modified_gmt":"2023-01-26T17:41:29","slug":"rechazaria-abogada-de-la-victima-un-eventual-acuerdo-para-evitar-condena-de-dani-alves","status":"publish","type":"post","link":"https:\/\/nvnoticias.mx\/index.php\/2023\/01\/26\/rechazaria-abogada-de-la-victima-un-eventual-acuerdo-para-evitar-condena-de-dani-alves\/","title":{"rendered":"Rechazar\u00eda abogada de la v\u00edctima  un &#8216;eventual acuerdo&#8217; para evitar condena de Dani Alves"},"content":{"rendered":"\n<p>La abogada&nbsp;<strong>Ester Garc\u00eda L\u00f3pez<\/strong>, que defiende a la mujer que denunci\u00f3 a&nbsp;Daniel Alves&nbsp;por una presunta&nbsp;<strong>agresi\u00f3n sexual<\/strong>&nbsp;asegur\u00f3 que&nbsp;<strong>rechazar\u00eda una eventual propuesta de acuerdo<\/strong>&nbsp;para evitar una condena del futbolista, en una entrevista publicada este jueves por el portal brasile\u00f1o UOL.<\/p>\n\n\n\n<p>Garc\u00eda subray\u00f3 que su cliente<strong>&nbsp;ha rechazado de forma &#8220;firme&#8221; y reiterada<\/strong>&nbsp;la posibilidad de recibir una&nbsp;<strong>indemnizaci\u00f3n&nbsp;<\/strong>por parte de su presunto agresor, a la que tendr\u00eda derecho, dado que dispone de una buena posici\u00f3n financiera, y solo quiere que se haga justicia.<\/p>\n\n\n\n<blockquote class=\"wp-block-quote is-layout-flow wp-block-quote-is-layout-flow\"><p>&#8220;Su frase fue:<strong>&nbsp;&#8216;Si hay dinero de indemnizaci\u00f3n en medio, no te voy a contratar&#8217;.<\/strong>&nbsp;Ella, desde el primer minuto, me dijo que no. Eso nadie lo sabe&#8221;, dijo la abogada, recalcando que la decisi\u00f3n de su cliente no se trata de una estrategia.<\/p><\/blockquote>\n\n\n\n<p>No obstante, dijo temer que &#8220;comiencen a ejercer una&nbsp;<strong>presi\u00f3n medi\u00e1tica<\/strong>&nbsp;para que ella llegue a un momento en que diga &#8216;no aguanto m\u00e1s'&#8221; y acabe aceptando una eventual oferta de acuerdo.<\/p>\n\n\n\n<p>Dani Alves fue detenido el pasado 20 de enero&nbsp;en Barcelona, cuando se present\u00f3 a prestar declaraci\u00f3n por la presunta violaci\u00f3n de una mujer, que habr\u00eda ocurrido el 30 de diciembre en una discoteca de Barcelona.<\/p>\n\n\n\n<p>El juzgado decret\u00f3 la<strong>\u00a0prisi\u00f3n incondicional para el futbolista<\/strong>, que ahora est\u00e1 en interno en la c\u00e1rcel Brians 2 de Sant Esteve Sesrovires, en Barcelona.<\/p>\n\n\n\n<p>Fuente: <a href=\"https:\/\/www.milenio.com\/deportes\/extra-cancha\/abogada-rechazaria-acuerdo-para-evitar-condena-para-dani-alves\" data-type=\"URL\" data-id=\"https:\/\/www.milenio.com\/deportes\/extra-cancha\/abogada-rechazaria-acuerdo-para-evitar-condena-para-dani-alves\">Milenio<\/a> <a rel=\"noreferrer noopener\" href=\"https:\/\/www.instagram.com\/p\/CnNBdQnOlpN\/?utm_source=ig_embed&amp;utm_campaign=loading\" target=\"_blank\"><\/a><\/p>\n","protected":false},"excerpt":{"rendered":"<p>La abogada&nbsp;Ester Garc\u00eda L\u00f3pez, que defiende a la mujer que denunci\u00f3 a&nbsp;Daniel Alves&nbsp;por una presunta&nbsp;agresi\u00f3n sexual&nbsp;asegur\u00f3 que&nbsp;rechazar\u00eda una eventual propuesta de acuerdo&nbsp;para evitar una condena del futbolista, en una entrevista publicada este jueves por el portal brasile\u00f1o UOL. Garc\u00eda subray\u00f3 que su cliente&nbsp;ha rechazado de forma &#8220;firme&#8221; y reiterada&nbsp;la posibilidad de recibir una&nbsp;indemnizaci\u00f3n&nbsp;por parte de [&hellip;]<\/p>\n","protected":false},"author":35,"featured_media":91026,"comment_status":"open","ping_status":"open","sticky":false,"template":"","format":"standard","meta":{"_monsterinsights_skip_tracking":false,"_monsterinsights_sitenote_active":false,"_monsterinsights_sitenote_note":"","_monsterinsights_sitenote_category":0,"footnotes":""},"categories":[159],"tags":[5306,5442,17616,2244],"class_list":["post-91795","post","type-post","status-publish","format-standard","has-post-thumbnail","hentry","category-deportes","tag-abogada","tag-condena","tag-dani-alves","tag-victima","wp-image-borders"],"amp_enabled":true,"_links":{"self":[{"href":"https:\/\/nvnoticias.mx\/index.php\/wp-json\/wp\/v2\/posts\/91795","targetHints":{"allow":["GET"]}}],"collection":[{"href":"https:\/\/nvnoticias.mx\/index.php\/wp-json\/wp\/v2\/posts"}],"about":[{"href":"https:\/\/nvnoticias.mx\/index.php\/wp-json\/wp\/v2\/types\/post"}],"author":[{"embeddable":true,"href":"https:\/\/nvnoticias.mx\/index.php\/wp-json\/wp\/v2\/users\/35"}],"replies":[{"embeddable":true,"href":"https:\/\/nvnoticias.mx\/index.php\/wp-json\/wp\/v2\/comments?post=91795"}],"version-history":[{"count":3,"href":"https:\/\/nvnoticias.mx\/index.php\/wp-json\/wp\/v2\/posts\/91795\/revisions"}],"predecessor-version":[{"id":91798,"href":"https:\/\/nvnoticias.mx\/index.php\/wp-json\/wp\/v2\/posts\/91795\/revisions\/91798"}],"wp:featuredmedia":[{"embeddable":true,"href":"https:\/\/nvnoticias.mx\/index.php\/wp-json\/wp\/v2\/media\/91026"}],"wp:attachment":[{"href":"https:\/\/nvnoticias.mx\/index.php\/wp-json\/wp\/v2\/media?parent=91795"}],"wp:term":[{"taxonomy":"category","embeddable":true,"href":"https:\/\/nvnoticias.mx\/index.php\/wp-json\/wp\/v2\/categories?post=91795"},{"taxonomy":"post_tag","embeddable":true,"href":"https:\/\/nvnoticias.mx\/index.php\/wp-json\/wp\/v2\/tags?post=91795"}],"curies":[{"name":"wp","href":"https:\/\/api.w.org\/{rel}","templated":true}]}}