{"id":91781,"date":"2023-01-26T11:22:02","date_gmt":"2023-01-26T17:22:02","guid":{"rendered":"https:\/\/nvnoticias.mx\/?p=91781"},"modified":"2023-01-26T11:22:04","modified_gmt":"2023-01-26T17:22:04","slug":"viajara-antony-blinken-a-israel-y-cisjordania-para-exigir-el-fin-de-la-violencia-en-la-region","status":"publish","type":"post","link":"https:\/\/nvnoticias.mx\/index.php\/2023\/01\/26\/viajara-antony-blinken-a-israel-y-cisjordania-para-exigir-el-fin-de-la-violencia-en-la-region\/","title":{"rendered":"Viajar\u00e1 Antony Blinken a Israel y Cisjordania para exigir el fin de la violencia en la regi\u00f3n"},"content":{"rendered":"\n<p>El secretario de Estado de EE.UU.,&nbsp;<strong>Antony Blinken<\/strong>, viajar\u00e1 el pr\u00f3ximo domingo a&nbsp;<strong>Egipto, Israel y Cisjordania<\/strong>&nbsp;para dialogar sobre<strong>&nbsp;\u201cprioridades globales y regionales\u201d<\/strong>&nbsp;como la invasi\u00f3n de Rusia a Ucrania, Ir\u00e1n y el conflicto palestino-israel\u00ed.<\/p>\n\n\n\n<p>El Departamento de Estado inform\u00f3 este jueves en un comunicado que el viaje se producir\u00e1 desde el domingo hasta el martes de la pr\u00f3xima semana y que Blinken visitar\u00e1 primero Egipto, donde se reunir\u00e1 con el presidente&nbsp;<strong>Abdel Fattah El-Sisi<\/strong>, el ministro de Relaciones Exteriores,&nbsp;<strong>Sameh Shoukry<\/strong>, y otros funcionarios para impulsar la&nbsp;<strong>asociaci\u00f3n estrat\u00e9gica&nbsp;<\/strong>con el pa\u00eds en la promoci\u00f3n de la paz y la seguridad en la regi\u00f3n.<\/p>\n\n\n\n<p>Tratar\u00e1n, entre otros temas, el \u201capoyo compartido\u201d para las\u00a0<strong>elecciones en Libia y el proceso pol\u00edtico en curso liderado por Sud\u00e1n<\/strong>.<\/p>\n\n\n\n<p>El secretario viajar\u00e1 despu\u00e9s a&nbsp;<strong>Jerusal\u00e9n y Ramallah<\/strong>&nbsp;entre el lunes y el martes pr\u00f3ximos. En Israel, se reunir\u00e1 con el primer ministro,&nbsp;<strong>Benjam\u00edn Netanyahu<\/strong>, el ministro de Relaciones Exteriores,&nbsp;<strong>Eli Cohen<\/strong>, y otros altos cargos para discutir&nbsp;<strong>\u201cel apoyo duradero\u201d de Estados Unidos a la seguridad de Israel<\/strong>, \u201cparticularmente contra las amenazas de Ir\u00e1n\u201d.<\/p>\n\n\n\n<p>\u201cEl secretario tambi\u00e9n discutir\u00e1 la&nbsp;<strong>integraci\u00f3n cada vez m\u00e1s profunda de Israel en la regi\u00f3n, las relaciones palestino-israel\u00edes y la importancia de una soluci\u00f3n de dos Estados<\/strong>\u201d, se\u00f1ala el comunicado.<\/p>\n\n\n\n<p>En Cisjordania, el secretario se reunir\u00e1 con el presidente de la Autoridad Palestina (AP),\u00a0<strong>Mahmoud Abbas<\/strong>, y altos funcionarios para discutir las relaciones entre israel\u00edes y palestinos y la importancia de una soluci\u00f3n de dos Estados, reformas pol\u00edticas y un mayor\u00a0<strong>fortalecimiento de la relaci\u00f3n de EE.UU. con los palestinos<\/strong>.<\/p>\n\n\n\n<blockquote class=\"wp-block-quote is-layout-flow wp-block-quote-is-layout-flow\"><p>\u201cTanto con los l\u00edderes israel\u00edes como con los palestinos, el secretario subrayar\u00e1 la necesidad urgente de que las partes tomen medidas para<strong>\u00a0reducir las tensiones a fin de poner fin al ciclo de violencia<\/strong>\u00a0que se ha cobrado demasiadas vidas inocentes\u201d, a\u00f1ade.<\/p><\/blockquote>\n\n\n\n<p>Tambi\u00e9n discutir\u00e1 la importancia de mantener el statu quo hist\u00f3rico del&nbsp;<strong>Haram al-Sharif\/Monte del Templo<\/strong>&nbsp;en Jerusal\u00e9n, \u201cen palabras y en acciones\u201d.<\/p>\n\n\n\n<blockquote class=\"wp-block-quote is-layout-flow wp-block-quote-is-layout-flow\"><p>\u201cEl Secretario se relacionar\u00e1 con la sociedad civil durante todo el viaje para subrayar nuestro compromiso con los derechos humanos, el apoyo a la sociedad civil y la importancia perdurable de los lazos entre personas\u201d, finaliza el comunicado.<\/p><\/blockquote>\n\n\n\n<p>Fuente: <a href=\"https:\/\/www.infobae.com\/america\/eeuu\/2023\/01\/26\/antony-blinken-viajara-a-israel-y-cisjordania-para-exigir-el-fin-de-la-violencia-en-la-region\/\" data-type=\"URL\" data-id=\"https:\/\/www.infobae.com\/america\/eeuu\/2023\/01\/26\/antony-blinken-viajara-a-israel-y-cisjordania-para-exigir-el-fin-de-la-violencia-en-la-region\/\">Infobae<\/a> <\/p>\n","protected":false},"excerpt":{"rendered":"<p>El secretario de Estado de EE.UU.,&nbsp;Antony Blinken, viajar\u00e1 el pr\u00f3ximo domingo a&nbsp;Egipto, Israel y Cisjordania&nbsp;para dialogar sobre&nbsp;\u201cprioridades globales y regionales\u201d&nbsp;como la invasi\u00f3n de Rusia a Ucrania, Ir\u00e1n y el conflicto palestino-israel\u00ed. El Departamento de Estado inform\u00f3 este jueves en un comunicado que el viaje se producir\u00e1 desde el domingo hasta el martes de la pr\u00f3xima [&hellip;]<\/p>\n","protected":false},"author":35,"featured_media":33901,"comment_status":"open","ping_status":"open","sticky":false,"template":"","format":"standard","meta":{"_monsterinsights_skip_tracking":false,"_monsterinsights_sitenote_active":false,"_monsterinsights_sitenote_note":"","_monsterinsights_sitenote_category":0,"footnotes":""},"categories":[181],"tags":[6442,14339,3337,14587,203],"class_list":["post-91781","post","type-post","status-publish","format-standard","has-post-thumbnail","hentry","category-internacional","tag-blinken","tag-exigir","tag-israel","tag-viajara","tag-violencia","wp-image-borders"],"amp_enabled":true,"_links":{"self":[{"href":"https:\/\/nvnoticias.mx\/index.php\/wp-json\/wp\/v2\/posts\/91781","targetHints":{"allow":["GET"]}}],"collection":[{"href":"https:\/\/nvnoticias.mx\/index.php\/wp-json\/wp\/v2\/posts"}],"about":[{"href":"https:\/\/nvnoticias.mx\/index.php\/wp-json\/wp\/v2\/types\/post"}],"author":[{"embeddable":true,"href":"https:\/\/nvnoticias.mx\/index.php\/wp-json\/wp\/v2\/users\/35"}],"replies":[{"embeddable":true,"href":"https:\/\/nvnoticias.mx\/index.php\/wp-json\/wp\/v2\/comments?post=91781"}],"version-history":[{"count":5,"href":"https:\/\/nvnoticias.mx\/index.php\/wp-json\/wp\/v2\/posts\/91781\/revisions"}],"predecessor-version":[{"id":91786,"href":"https:\/\/nvnoticias.mx\/index.php\/wp-json\/wp\/v2\/posts\/91781\/revisions\/91786"}],"wp:featuredmedia":[{"embeddable":true,"href":"https:\/\/nvnoticias.mx\/index.php\/wp-json\/wp\/v2\/media\/33901"}],"wp:attachment":[{"href":"https:\/\/nvnoticias.mx\/index.php\/wp-json\/wp\/v2\/media?parent=91781"}],"wp:term":[{"taxonomy":"category","embeddable":true,"href":"https:\/\/nvnoticias.mx\/index.php\/wp-json\/wp\/v2\/categories?post=91781"},{"taxonomy":"post_tag","embeddable":true,"href":"https:\/\/nvnoticias.mx\/index.php\/wp-json\/wp\/v2\/tags?post=91781"}],"curies":[{"name":"wp","href":"https:\/\/api.w.org\/{rel}","templated":true}]}}