{"id":91701,"date":"2023-01-25T16:05:55","date_gmt":"2023-01-25T22:05:55","guid":{"rendered":"https:\/\/nvnoticias.mx\/?p=91701"},"modified":"2023-01-25T16:05:57","modified_gmt":"2023-01-25T22:05:57","slug":"abre-rbd-segunda-fecha-en-foro-sol-para-concierto-en-cdmx","status":"publish","type":"post","link":"https:\/\/nvnoticias.mx\/index.php\/2023\/01\/25\/abre-rbd-segunda-fecha-en-foro-sol-para-concierto-en-cdmx\/","title":{"rendered":"Abre RBD segunda fecha en Foro Sol para concierto en CDMX"},"content":{"rendered":"\n<p>El\u00a0<strong>regreso de RBD a los escenarios con su gira\u00a0<\/strong><em><strong>Soy Rebelde Tour 2023<\/strong><\/em>\u00a0ha sido todo un \u00e9xito entre sus miles de seguidores, quienes esperaron 15 a\u00f1os para que la agrupaci\u00f3n se volvierta a reunir y compartir con ellos en el escenario \u00e9xitos como \u2018S\u00e1lvame y Tras de m\u00ed&#8217;.<\/p>\n\n\n\n<p>Hace una semana se anunci\u00f3 la serie de conciertos que dar\u00eda la\u00a0agrupaci\u00f3n nacida en la telenovela\u00a0<em>Rebelde<\/em>\u00a0(2004), donde solo dar\u00edan tres en M\u00e9xico: Monterrey, Guadalajara y CDMX fueron las elegidas.<\/p>\n\n\n\n<p>Despu\u00e9s de que este mi\u00e9rcoles se llevara a cabo la preventa Priority para tarjetahabientes Citianamex y los boletos se agotaran pr\u00e1cticamente en cuesti\u00f3n de minutos,&nbsp;<strong>la agrupaci\u00f3n decidi\u00f3 abrir una segunda fecha en CDMX<\/strong>.<\/p>\n\n\n\n<p>En la\u00a0p\u00e1gina de Ticketmaster, donde las y los internautas comenzaron a detectar fallas desde antes de iniciar la primera fase de venta de entradas, apareci\u00f3 a algunos un mensaje en el que se explicaba que,\u00a0<strong>debido a la alta demanda de boletos, se abri\u00f3 una segunda fecha en Ciudad de M\u00e9xico<\/strong>.<\/p>\n\n\n\n<p>Sin embargo, la venta prioritaria segu\u00eda en curso, solo que\u00a0<strong>ahora pod\u00edan tener acceso tambi\u00e9n a la segunda fecha<\/strong>\u00a0compartida en la p\u00e1gina de la boletera.<\/p>\n\n\n\n<p>De acuerdo con lo compartido en las redes sociales de Ocesa, se abri\u00f3 una segunda fecha para la serie de\u00a0<strong>conciertos de RBD en M\u00e9xico<\/strong>, y la CDMX fue la elegida para albergar no solo una, sino dos fechas del\u00a0<em>Soy Rebelde Tour 2023<\/em>.<\/p>\n\n\n\n<p>Esta ocurrir\u00e1 un d\u00eda antes del planeado cierre de gira; es decir,&nbsp;<strong>el pr\u00f3ximo 30 de noviembre ser\u00e1 la segunda fecha<\/strong>, tal como informaron las redes sociales de la organizadora de eventos.<\/p>\n\n\n\n<blockquote class=\"wp-block-quote is-layout-flow wp-block-quote-is-layout-flow\"><p>\u201cDebido al gran inter\u00e9s, una no es suficiente&#8230;\u00a130 de noviembre segunda fecha en Foro Sol!\u201d, comparti\u00f3 la cuenta de Ocesa Pop en Twitter.<\/p><\/blockquote>\n\n\n\n<p>Al igual que la primera fecha y las dem\u00e1s que habr\u00e1 en nuestro pa\u00eds,\u00a0<strong>la preventa empezar\u00e1 este 26 de enero<\/strong>\u00a0para cuentahabientes Citibanamex, mientras\u00a0<strong>la venta general tendr\u00e1 lugar a partir del pr\u00f3ximo 27 de enero<\/strong>\u00a0a trav\u00e9s de\u00a0Ticketmaster\u00a0y en el recinto.<\/p>\n\n\n\n<p>Tal como anunci\u00f3 la p\u00e1gina de la boletera esta tarde,\u00a0<strong>la venta Priority sigue en curso este 25 de enero<\/strong>, por lo que a partir de ahora podr\u00e1s adquirir los boletos para la nueva fecha en esta modalidad con el c\u00f3digo que otorga el banco a ciertos usuarios.<\/p>\n\n\n\n<p>Fuente: <a href=\"https:\/\/www.elfinanciero.com.mx\/entretenimiento\/2023\/01\/25\/soy-rebelde-world-tour-rbd-abre-segunda-fecha-en-foro-sol-cdmx\/\" data-type=\"URL\" data-id=\"https:\/\/www.elfinanciero.com.mx\/entretenimiento\/2023\/01\/25\/soy-rebelde-world-tour-rbd-abre-segunda-fecha-en-foro-sol-cdmx\/\">El Financiero<\/a><\/p>\n","protected":false},"excerpt":{"rendered":"<p>El\u00a0regreso de RBD a los escenarios con su gira\u00a0Soy Rebelde Tour 2023\u00a0ha sido todo un \u00e9xito entre sus miles de seguidores, quienes esperaron 15 a\u00f1os para que la agrupaci\u00f3n se volvierta a reunir y compartir con ellos en el escenario \u00e9xitos como \u2018S\u00e1lvame y Tras de m\u00ed&#8217;. Hace una semana se anunci\u00f3 la serie de [&hellip;]<\/p>\n","protected":false},"author":35,"featured_media":87093,"comment_status":"open","ping_status":"open","sticky":false,"template":"","format":"standard","meta":{"_monsterinsights_skip_tracking":false,"_monsterinsights_sitenote_active":false,"_monsterinsights_sitenote_note":"","_monsterinsights_sitenote_category":0,"footnotes":""},"categories":[576],"tags":[10089,307,801,14427,1879,22795],"class_list":["post-91701","post","type-post","status-publish","format-standard","has-post-thumbnail","hentry","category-ocio","tag-abre","tag-cdmx","tag-concierto","tag-foro-sol","tag-rbd","tag-segunda-fecha","wp-image-borders"],"amp_enabled":true,"_links":{"self":[{"href":"https:\/\/nvnoticias.mx\/index.php\/wp-json\/wp\/v2\/posts\/91701","targetHints":{"allow":["GET"]}}],"collection":[{"href":"https:\/\/nvnoticias.mx\/index.php\/wp-json\/wp\/v2\/posts"}],"about":[{"href":"https:\/\/nvnoticias.mx\/index.php\/wp-json\/wp\/v2\/types\/post"}],"author":[{"embeddable":true,"href":"https:\/\/nvnoticias.mx\/index.php\/wp-json\/wp\/v2\/users\/35"}],"replies":[{"embeddable":true,"href":"https:\/\/nvnoticias.mx\/index.php\/wp-json\/wp\/v2\/comments?post=91701"}],"version-history":[{"count":1,"href":"https:\/\/nvnoticias.mx\/index.php\/wp-json\/wp\/v2\/posts\/91701\/revisions"}],"predecessor-version":[{"id":91702,"href":"https:\/\/nvnoticias.mx\/index.php\/wp-json\/wp\/v2\/posts\/91701\/revisions\/91702"}],"wp:featuredmedia":[{"embeddable":true,"href":"https:\/\/nvnoticias.mx\/index.php\/wp-json\/wp\/v2\/media\/87093"}],"wp:attachment":[{"href":"https:\/\/nvnoticias.mx\/index.php\/wp-json\/wp\/v2\/media?parent=91701"}],"wp:term":[{"taxonomy":"category","embeddable":true,"href":"https:\/\/nvnoticias.mx\/index.php\/wp-json\/wp\/v2\/categories?post=91701"},{"taxonomy":"post_tag","embeddable":true,"href":"https:\/\/nvnoticias.mx\/index.php\/wp-json\/wp\/v2\/tags?post=91701"}],"curies":[{"name":"wp","href":"https:\/\/api.w.org\/{rel}","templated":true}]}}