{"id":917,"date":"2021-01-12T09:30:40","date_gmt":"2021-01-12T15:30:40","guid":{"rendered":"https:\/\/nvnoticias.mx\/?p=917"},"modified":"2021-01-12T09:30:42","modified_gmt":"2021-01-12T15:30:42","slug":"inicia-la-distribucion-masiva-de-vacuna-contra-covid-19","status":"publish","type":"post","link":"https:\/\/nvnoticias.mx\/index.php\/2021\/01\/12\/inicia-la-distribucion-masiva-de-vacuna-contra-covid-19\/","title":{"rendered":"Inicia la distribuci\u00f3n masiva de vacuna contra Covid-19"},"content":{"rendered":"\n<p>El presidente\u00a0Andr\u00e9s Manuel L\u00f3pez Obrador\u00a0inform\u00f3 que este martes\u00a0inici\u00f3 la distribuci\u00f3n masiva de las vacunas contra el Covid-19\u00a0y que se espera que para abril a m\u00e1s tardar est\u00e9n\u00a0<strong>vacunados los 15 millones de adultos mayores\u00a0<\/strong>del pa\u00eds.<\/p>\n\n\n\n<p>Al iniciar su conferencia matutina de este martes, el mandatario explic\u00f3 que de acuerdo con el\u00a0Plan Nacional de Salud, una vez que est\u00e9n vacunados todos los adultos mayores del pa\u00eds, iniciar\u00e1 el proceso de vacunaci\u00f3n de los enfermos cr\u00f3nicos menores de 60 a\u00f1os y al mismo tiempo a los docentes de aquellos estados que ya se encuentren en sem\u00e1foro epidemiol\u00f3gico verde.<\/p>\n\n\n\n<blockquote class=\"wp-block-quote is-layout-flow wp-block-quote-is-layout-flow\"><p>\u201cSe trata de vacunar a todos los mexicanos y tambi\u00e9n a residentes de pa\u00edses extranjeros en M\u00e9xico, a todos. Es vacunaci\u00f3n universal y \u00bfqu\u00e9 significa eso?, a toda, a todos y gratuita\u201d, se\u00f1al\u00f3 el presidente.<\/p><\/blockquote>\n\n\n\n<blockquote class=\"wp-block-quote is-layout-flow wp-block-quote-is-layout-flow\"><p>\u201cYa se defini\u00f3 como estrategia el que primero se vacune a trabajadores del sector salud que est\u00e1n en hospitales Covid salvando vidas, ese es el primer grupo al que, desde que empezaron a llegar las vacunas, se est\u00e1 atendiendo. Terminando este grupo de trabajadores de la salud vamos a iniciar con adultos mayores\u201d.<\/p><\/blockquote>\n\n\n\n<figure class=\"wp-block-embed is-type-video is-provider-youtube wp-block-embed-youtube wp-embed-aspect-4-3 wp-has-aspect-ratio\"><div class=\"wp-block-embed__wrapper\">\n<iframe loading=\"lazy\"  id=\"_ytid_40049\"  width=\"880\" height=\"495\"  data-origwidth=\"880\" data-origheight=\"495\"  data-relstop=\"1\" src=\"https:\/\/www.youtube.com\/embed\/rIB1CAzXuOo?enablejsapi=1&#038;autoplay=0&#038;cc_load_policy=0&#038;cc_lang_pref=&#038;iv_load_policy=1&#038;loop=0&#038;rel=0&#038;fs=1&#038;playsinline=0&#038;autohide=2&#038;theme=dark&#038;color=red&#038;controls=1&#038;\" class=\"__youtube_prefs__  epyt-is-override  no-lazyload\" title=\"YouTube player\"  allow=\"fullscreen; accelerometer; autoplay; clipboard-write; encrypted-media; gyroscope; picture-in-picture; web-share\" referrerpolicy=\"strict-origin-when-cross-origin\" allowfullscreen data-no-lazy=\"1\" data-skipgform_ajax_framebjll=\"\"><\/iframe>\n<\/div><\/figure>\n\n\n\n<p>El titular del Ejecutivo precis\u00f3 que se espera que la vacunaci\u00f3n del personal de salud concluya antes de que termine el mes de enero.<\/p>\n\n\n\n<p>Explic\u00f3 que se ha decidido vacunar posteriormente a los adultos mayores porque, de acuerdo con los especialistas, esto disminuir\u00eda la mortalidad por Covid-19 en un 80%.<\/p>\n\n\n\n<p>Fuente: El Universal<\/p>\n","protected":false},"excerpt":{"rendered":"<p>El presidente\u00a0Andr\u00e9s Manuel L\u00f3pez Obrador\u00a0inform\u00f3 que este martes\u00a0inici\u00f3 la distribuci\u00f3n masiva de las vacunas contra el Covid-19\u00a0y que se espera que para abril a m\u00e1s tardar est\u00e9n\u00a0vacunados los 15 millones de adultos mayores\u00a0del pa\u00eds. Al iniciar su conferencia matutina de este martes, el mandatario explic\u00f3 que de acuerdo con el\u00a0Plan Nacional de Salud, una vez [&hellip;]<\/p>\n","protected":false},"author":6,"featured_media":765,"comment_status":"open","ping_status":"open","sticky":false,"template":"","format":"standard","meta":{"_monsterinsights_skip_tracking":false,"_monsterinsights_sitenote_active":false,"_monsterinsights_sitenote_note":"","_monsterinsights_sitenote_category":0,"footnotes":""},"categories":[157],"tags":[175,162,217],"class_list":["post-917","post","type-post","status-publish","format-standard","has-post-thumbnail","hentry","category-nacional","tag-covid-19","tag-portada","tag-vacuna","wp-image-borders"],"amp_enabled":true,"_links":{"self":[{"href":"https:\/\/nvnoticias.mx\/index.php\/wp-json\/wp\/v2\/posts\/917","targetHints":{"allow":["GET"]}}],"collection":[{"href":"https:\/\/nvnoticias.mx\/index.php\/wp-json\/wp\/v2\/posts"}],"about":[{"href":"https:\/\/nvnoticias.mx\/index.php\/wp-json\/wp\/v2\/types\/post"}],"author":[{"embeddable":true,"href":"https:\/\/nvnoticias.mx\/index.php\/wp-json\/wp\/v2\/users\/6"}],"replies":[{"embeddable":true,"href":"https:\/\/nvnoticias.mx\/index.php\/wp-json\/wp\/v2\/comments?post=917"}],"version-history":[{"count":1,"href":"https:\/\/nvnoticias.mx\/index.php\/wp-json\/wp\/v2\/posts\/917\/revisions"}],"predecessor-version":[{"id":918,"href":"https:\/\/nvnoticias.mx\/index.php\/wp-json\/wp\/v2\/posts\/917\/revisions\/918"}],"wp:featuredmedia":[{"embeddable":true,"href":"https:\/\/nvnoticias.mx\/index.php\/wp-json\/wp\/v2\/media\/765"}],"wp:attachment":[{"href":"https:\/\/nvnoticias.mx\/index.php\/wp-json\/wp\/v2\/media?parent=917"}],"wp:term":[{"taxonomy":"category","embeddable":true,"href":"https:\/\/nvnoticias.mx\/index.php\/wp-json\/wp\/v2\/categories?post=917"},{"taxonomy":"post_tag","embeddable":true,"href":"https:\/\/nvnoticias.mx\/index.php\/wp-json\/wp\/v2\/tags?post=917"}],"curies":[{"name":"wp","href":"https:\/\/api.w.org\/{rel}","templated":true}]}}