{"id":91679,"date":"2023-01-25T14:16:12","date_gmt":"2023-01-25T20:16:12","guid":{"rendered":"https:\/\/nvnoticias.mx\/?p=91679"},"modified":"2023-01-25T14:16:12","modified_gmt":"2023-01-25T20:16:12","slug":"esperan-empresarios-que-reforzamiento-de-la-seguridad-de-certeza-a-todos-los-veracruzanos","status":"publish","type":"post","link":"https:\/\/nvnoticias.mx\/index.php\/2023\/01\/25\/esperan-empresarios-que-reforzamiento-de-la-seguridad-de-certeza-a-todos-los-veracruzanos\/","title":{"rendered":"Esperan empresarios que reforzamiento de la seguridad de certeza a todos los veracruzanos"},"content":{"rendered":"\n<p><strong>Jes\u00fas Utrilla \/ NV Noticias<\/strong><\/p>\n\n\n\n<p>Luis Exsome Zapata, presidente del Consejo Coordinador Empresarial Veracruz- Boca del R\u00edo, confi\u00f3 que el reforzamiento de la seguridad tenga resultados a corto plazo. Vio con buenos ojos la llegada de elementos de las Fuerzas Armadas y se\u00f1al\u00f3 que debe prevalecer la comunicaci\u00f3n entre los tres ordenes de gobierno.<\/p>\n\n\n\n<p>Aunque en diciembre el \u00edndice delictivo baj\u00f3, seguramente cambiar\u00e1 la estad\u00edstica con lo que pas\u00f3 en la primera quincena de enero.<\/p>\n\n\n\n<blockquote class=\"wp-block-quote is-layout-flow wp-block-quote-is-layout-flow\"><p>\u201c<em>Pero esperamos que siga el di\u00e1logo y aplaudimos que llegaran m\u00e1s elementos para reforzar la seguridad<\/em>\u201d.\u00a0<\/p><\/blockquote>\n\n\n\n<p>Confi\u00f3 en que no se repitan m\u00e1s enfrentamientos de grupos criminales y que la presencia de la Guardia Nacional, Marina y Sedena contribuyan a mejorar las condiciones.&nbsp;<\/p>\n\n\n\n<blockquote class=\"wp-block-quote is-layout-flow wp-block-quote-is-layout-flow\"><p>\u201c<em>Todos queremos mayor seguridad, porque eso garantiza certeza que piden los inversionistas y estado de derecho para que sigan las inversiones en el estado<\/em>\u201d.<\/p><\/blockquote>\n\n\n\n<p>El tambi\u00e9n delegado de la C\u00e1mara Nacional del Autotransporte de Carga en Veracruz, rechaz\u00f3 que los transportistas dejaran de transitar por algunas zonas del estado ante los hechos violentos, pero reforzaron sus protocolos de seguridad.<\/p>\n\n\n\n<p>Dijo que en la reuni\u00f3n que sostuvieron con el secretario de Seguridad P\u00fablica, Cuauht\u00e9moc Z\u00fa\u00f1iga Bonilla, la semana pasada, se acord\u00f3 mantener comunicaci\u00f3n constante con el sector empresarial para atender de manera inmediata cualquier eventualidad que se presente.<\/p>\n","protected":false},"excerpt":{"rendered":"<p>Jes\u00fas Utrilla \/ NV Noticias Luis Exsome Zapata, presidente del Consejo Coordinador Empresarial Veracruz- Boca del R\u00edo, confi\u00f3 que el reforzamiento de la seguridad tenga resultados a corto plazo. Vio con buenos ojos la llegada de elementos de las Fuerzas Armadas y se\u00f1al\u00f3 que debe prevalecer la comunicaci\u00f3n entre los tres ordenes de gobierno. Aunque [&hellip;]<\/p>\n","protected":false},"author":8,"featured_media":91680,"comment_status":"open","ping_status":"open","sticky":false,"template":"","format":"standard","meta":{"_monsterinsights_skip_tracking":false,"_monsterinsights_sitenote_active":false,"_monsterinsights_sitenote_note":"","_monsterinsights_sitenote_category":0,"footnotes":""},"categories":[154],"tags":[301,805,180],"class_list":["post-91679","post","type-post","status-publish","format-standard","has-post-thumbnail","hentry","category-veracruz","tag-empresarios","tag-seguridad","tag-veracruz","wp-image-borders"],"amp_enabled":true,"_links":{"self":[{"href":"https:\/\/nvnoticias.mx\/index.php\/wp-json\/wp\/v2\/posts\/91679","targetHints":{"allow":["GET"]}}],"collection":[{"href":"https:\/\/nvnoticias.mx\/index.php\/wp-json\/wp\/v2\/posts"}],"about":[{"href":"https:\/\/nvnoticias.mx\/index.php\/wp-json\/wp\/v2\/types\/post"}],"author":[{"embeddable":true,"href":"https:\/\/nvnoticias.mx\/index.php\/wp-json\/wp\/v2\/users\/8"}],"replies":[{"embeddable":true,"href":"https:\/\/nvnoticias.mx\/index.php\/wp-json\/wp\/v2\/comments?post=91679"}],"version-history":[{"count":1,"href":"https:\/\/nvnoticias.mx\/index.php\/wp-json\/wp\/v2\/posts\/91679\/revisions"}],"predecessor-version":[{"id":91681,"href":"https:\/\/nvnoticias.mx\/index.php\/wp-json\/wp\/v2\/posts\/91679\/revisions\/91681"}],"wp:featuredmedia":[{"embeddable":true,"href":"https:\/\/nvnoticias.mx\/index.php\/wp-json\/wp\/v2\/media\/91680"}],"wp:attachment":[{"href":"https:\/\/nvnoticias.mx\/index.php\/wp-json\/wp\/v2\/media?parent=91679"}],"wp:term":[{"taxonomy":"category","embeddable":true,"href":"https:\/\/nvnoticias.mx\/index.php\/wp-json\/wp\/v2\/categories?post=91679"},{"taxonomy":"post_tag","embeddable":true,"href":"https:\/\/nvnoticias.mx\/index.php\/wp-json\/wp\/v2\/tags?post=91679"}],"curies":[{"name":"wp","href":"https:\/\/api.w.org\/{rel}","templated":true}]}}