{"id":91671,"date":"2023-01-25T13:34:56","date_gmt":"2023-01-25T19:34:56","guid":{"rendered":"https:\/\/nvnoticias.mx\/?p=91671"},"modified":"2023-01-25T13:34:57","modified_gmt":"2023-01-25T19:34:57","slug":"empresarios-se-reunieron-con-la-uv-para-impulsar-proyectos-de-la-maxima-casa-de-estudios","status":"publish","type":"post","link":"https:\/\/nvnoticias.mx\/index.php\/2023\/01\/25\/empresarios-se-reunieron-con-la-uv-para-impulsar-proyectos-de-la-maxima-casa-de-estudios\/","title":{"rendered":"Empresarios se reunieron con la UV para impulsar proyectos de la m\u00e1xima casa de estudios"},"content":{"rendered":"\n<p><strong>Jes\u00fas Utrilla \/ NV Noticias<\/strong><\/p>\n\n\n\n<p>Empresarios buscan participar en la construcci\u00f3n de la Facultad de Artes de la Universidad Veracruzana. Por ello los afiliados del Consejo Coordinador Empresarial se reunieron con Rub\u00e9n Edel Navarro, vicerrector de la regi\u00f3n Veracruz de la UV.<\/p>\n\n\n\n<p>Se analizaron diferentes temas y se plantearon soluciones. Destac\u00f3 el proyecto de construir la Facultad de Artes en el expenal Allende.<\/p>\n\n\n\n<blockquote class=\"wp-block-quote is-layout-flow wp-block-quote-is-layout-flow\"><p>\u201c<em>M\u00e1s que buscando el contrato de obra estamos buscando c\u00f3mo podemos apoyar para que sea un proyecto exitoso. Queremos ver c\u00f3mo podemos vincular, gestionar o ayudar a la Universidad Veracruzana<\/em>\u201d, comentaron.<\/p><\/blockquote>\n\n\n\n<p>La reuni\u00f3n de trabajo se denomin\u00f3: \u201cNuevos Proyectos de la Universidad Veracruzana\u201d, Espacio Com\u00fan Veracruzano para Artes y Cultura.<\/p>\n\n\n\n<p>La intenci\u00f3n de los empresarios con la reuni\u00f3n fue vincularse con la parte acad\u00e9mica, para mantenerse cercanos a la m\u00e1xima casa de estudios.<\/p>\n\n\n\n<blockquote class=\"wp-block-quote is-layout-flow wp-block-quote-is-layout-flow\"><p>\u201c<em>Creo que parte de la reconstrucci\u00f3n del tejido social que debemos tener como sociedad las artes ocupan un lugar importante. Lo que estaba escuchando del vicerrector es que creci\u00f3 la matr\u00edcula y la educaci\u00f3n va muy de la mano del crecimiento que podr\u00edamos tener como empresarios y personas, eso nos aleja de las malas pr\u00e1cticas<\/em>\u201d.<\/p><\/blockquote>\n\n\n\n<p>La UV lleva a cabo gestiones para contar con los recursos y habilitar el lugar. Proyectos Institucionales se encuentra evaluando el monto que se requiere para la obra de construcci\u00f3n<\/p>\n","protected":false},"excerpt":{"rendered":"<p>Jes\u00fas Utrilla \/ NV Noticias Empresarios buscan participar en la construcci\u00f3n de la Facultad de Artes de la Universidad Veracruzana. Por ello los afiliados del Consejo Coordinador Empresarial se reunieron con Rub\u00e9n Edel Navarro, vicerrector de la regi\u00f3n Veracruz de la UV. Se analizaron diferentes temas y se plantearon soluciones. Destac\u00f3 el proyecto de construir [&hellip;]<\/p>\n","protected":false},"author":8,"featured_media":87315,"comment_status":"open","ping_status":"open","sticky":false,"template":"","format":"standard","meta":{"_monsterinsights_skip_tracking":false,"_monsterinsights_sitenote_active":false,"_monsterinsights_sitenote_note":"","_monsterinsights_sitenote_category":0,"footnotes":""},"categories":[154],"tags":[301,1164],"class_list":["post-91671","post","type-post","status-publish","format-standard","has-post-thumbnail","hentry","category-veracruz","tag-empresarios","tag-uv","wp-image-borders"],"amp_enabled":true,"_links":{"self":[{"href":"https:\/\/nvnoticias.mx\/index.php\/wp-json\/wp\/v2\/posts\/91671","targetHints":{"allow":["GET"]}}],"collection":[{"href":"https:\/\/nvnoticias.mx\/index.php\/wp-json\/wp\/v2\/posts"}],"about":[{"href":"https:\/\/nvnoticias.mx\/index.php\/wp-json\/wp\/v2\/types\/post"}],"author":[{"embeddable":true,"href":"https:\/\/nvnoticias.mx\/index.php\/wp-json\/wp\/v2\/users\/8"}],"replies":[{"embeddable":true,"href":"https:\/\/nvnoticias.mx\/index.php\/wp-json\/wp\/v2\/comments?post=91671"}],"version-history":[{"count":1,"href":"https:\/\/nvnoticias.mx\/index.php\/wp-json\/wp\/v2\/posts\/91671\/revisions"}],"predecessor-version":[{"id":91672,"href":"https:\/\/nvnoticias.mx\/index.php\/wp-json\/wp\/v2\/posts\/91671\/revisions\/91672"}],"wp:featuredmedia":[{"embeddable":true,"href":"https:\/\/nvnoticias.mx\/index.php\/wp-json\/wp\/v2\/media\/87315"}],"wp:attachment":[{"href":"https:\/\/nvnoticias.mx\/index.php\/wp-json\/wp\/v2\/media?parent=91671"}],"wp:term":[{"taxonomy":"category","embeddable":true,"href":"https:\/\/nvnoticias.mx\/index.php\/wp-json\/wp\/v2\/categories?post=91671"},{"taxonomy":"post_tag","embeddable":true,"href":"https:\/\/nvnoticias.mx\/index.php\/wp-json\/wp\/v2\/tags?post=91671"}],"curies":[{"name":"wp","href":"https:\/\/api.w.org\/{rel}","templated":true}]}}