{"id":91668,"date":"2023-01-25T13:22:58","date_gmt":"2023-01-25T19:22:58","guid":{"rendered":"https:\/\/nvnoticias.mx\/?p=91668"},"modified":"2023-01-25T13:22:59","modified_gmt":"2023-01-25T19:22:59","slug":"proyectos-inmobiliarios-se-mantienen-pese-a-hechos-violentos-de-los-ultimos-dias-ampi","status":"publish","type":"post","link":"https:\/\/nvnoticias.mx\/index.php\/2023\/01\/25\/proyectos-inmobiliarios-se-mantienen-pese-a-hechos-violentos-de-los-ultimos-dias-ampi\/","title":{"rendered":"Proyectos inmobiliarios se mantienen pese a hechos violentos de los \u00faltimos d\u00edas: AMPI"},"content":{"rendered":"\n<p><strong>Jes\u00fas Utrilla \/ NV Noticias<\/strong><\/p>\n\n\n\n<p>Los hechos de inseguridad en el Estado de Veracruz no han impactado en los proyectos inmobiliarios, se\u00f1al\u00f3 el presidente de la Asociaci\u00f3n Mexicana de Profesionales Inmobiliarios (AMPI) en Veracruz, Sergio Lavalle Garc\u00e9s.<\/p>\n\n\n\n<p>Por el contrario&nbsp;&nbsp;existen varios para la conurbaci\u00f3n Veracruz-Boca del R\u00edo y la Riviera Veracruzana, como fraccionamiento e incluso la construcci\u00f3n de varios edificios, por lo que no hay cancelaciones.<\/p>\n\n\n\n<blockquote class=\"wp-block-quote is-layout-flow wp-block-quote-is-layout-flow\"><p>\u201c<em>Tenemos un detalle porque cada vez que en las noticias sale un tema de inseguridad hablan de Veracruz, pero Veracruz es una estado muy grande, pero de alguna manera las autoridades est\u00e1n trabajando y no lo hemos resentido mucho, tuvimos acontecimientos lamentables el domingo pero pensamos que sea algo espor\u00e1dico, pero no han detenido la actividad<\/em>\u201d.<\/p><\/blockquote>\n\n\n\n<p>Insisti\u00f3 en que hay varios proyectos de construir torres en la zona metropolitana y ning\u00fan inversionista cancel\u00f3 sus proyectos por los hechos violentos con que inici\u00f3 el 2023.<\/p>\n\n\n\n<p>Incluso consider\u00f3 que ser\u00e1 positivo el a\u00f1o ya que existe una demanda importante de locales comerciales, bodegas y propiedades.<\/p>\n\n\n\n<blockquote class=\"wp-block-quote is-layout-flow wp-block-quote-is-layout-flow\"><p>\u201c<em>La parte comercial sobre todo en la zona de Boca Del Rio est\u00e1 creciendo, hay mayor oferta de locales para restaurantes estamos viendo una reactivaci\u00f3n importante en Veracruz. En todos los sectores est\u00e1 increment\u00e1ndose, la oferta de servicios sigue creciendo y la gente tiene confianza en Veracruz<\/em>\u201d, concluy\u00f3.<\/p><\/blockquote>\n","protected":false},"excerpt":{"rendered":"<p>Jes\u00fas Utrilla \/ NV Noticias Los hechos de inseguridad en el Estado de Veracruz no han impactado en los proyectos inmobiliarios, se\u00f1al\u00f3 el presidente de la Asociaci\u00f3n Mexicana de Profesionales Inmobiliarios (AMPI) en Veracruz, Sergio Lavalle Garc\u00e9s. Por el contrario&nbsp;&nbsp;existen varios para la conurbaci\u00f3n Veracruz-Boca del R\u00edo y la Riviera Veracruzana, como fraccionamiento e incluso [&hellip;]<\/p>\n","protected":false},"author":8,"featured_media":91669,"comment_status":"open","ping_status":"open","sticky":false,"template":"","format":"standard","meta":{"_monsterinsights_skip_tracking":false,"_monsterinsights_sitenote_active":false,"_monsterinsights_sitenote_note":"","_monsterinsights_sitenote_category":0,"footnotes":""},"categories":[154],"tags":[541,17458],"class_list":["post-91668","post","type-post","status-publish","format-standard","has-post-thumbnail","hentry","category-veracruz","tag-ampi","tag-proyectos-inmobiliarios","wp-image-borders"],"amp_enabled":true,"_links":{"self":[{"href":"https:\/\/nvnoticias.mx\/index.php\/wp-json\/wp\/v2\/posts\/91668","targetHints":{"allow":["GET"]}}],"collection":[{"href":"https:\/\/nvnoticias.mx\/index.php\/wp-json\/wp\/v2\/posts"}],"about":[{"href":"https:\/\/nvnoticias.mx\/index.php\/wp-json\/wp\/v2\/types\/post"}],"author":[{"embeddable":true,"href":"https:\/\/nvnoticias.mx\/index.php\/wp-json\/wp\/v2\/users\/8"}],"replies":[{"embeddable":true,"href":"https:\/\/nvnoticias.mx\/index.php\/wp-json\/wp\/v2\/comments?post=91668"}],"version-history":[{"count":1,"href":"https:\/\/nvnoticias.mx\/index.php\/wp-json\/wp\/v2\/posts\/91668\/revisions"}],"predecessor-version":[{"id":91670,"href":"https:\/\/nvnoticias.mx\/index.php\/wp-json\/wp\/v2\/posts\/91668\/revisions\/91670"}],"wp:featuredmedia":[{"embeddable":true,"href":"https:\/\/nvnoticias.mx\/index.php\/wp-json\/wp\/v2\/media\/91669"}],"wp:attachment":[{"href":"https:\/\/nvnoticias.mx\/index.php\/wp-json\/wp\/v2\/media?parent=91668"}],"wp:term":[{"taxonomy":"category","embeddable":true,"href":"https:\/\/nvnoticias.mx\/index.php\/wp-json\/wp\/v2\/categories?post=91668"},{"taxonomy":"post_tag","embeddable":true,"href":"https:\/\/nvnoticias.mx\/index.php\/wp-json\/wp\/v2\/tags?post=91668"}],"curies":[{"name":"wp","href":"https:\/\/api.w.org\/{rel}","templated":true}]}}