{"id":91521,"date":"2023-01-24T12:52:58","date_gmt":"2023-01-24T18:52:58","guid":{"rendered":"https:\/\/nvnoticias.mx\/?p=91521"},"modified":"2023-01-24T12:52:59","modified_gmt":"2023-01-24T18:52:59","slug":"fiscal-reconoce-que-solo-ha-logrado-8-sentencias-por-delito-de-desaparicion","status":"publish","type":"post","link":"https:\/\/nvnoticias.mx\/index.php\/2023\/01\/24\/fiscal-reconoce-que-solo-ha-logrado-8-sentencias-por-delito-de-desaparicion\/","title":{"rendered":"Fiscal reconoce que s\u00f3lo ha logrado 8 sentencias por delito de desaparici\u00f3n"},"content":{"rendered":"\n<p><strong>Sam Ojeda \/ NV Noticias<\/strong><\/p>\n\n\n\n<p>Xalapa.- La fiscal general de Veracruz, Ver\u00f3nica Hern\u00e1ndez Giadans, reconoci\u00f3 que \u00fanicamente han logrado sentencias en ocho casos de desaparici\u00f3n de personas.&nbsp;<\/p>\n\n\n\n<p>Al comparecer ante los diputados locales admiti\u00f3 que de las 196 \u00f3rdenes de aprehensi\u00f3n&nbsp; que se han emitido contra acusados del delito de desaparici\u00f3n \u00fanicamente se han ejecutado 117 capturas.<\/p>\n\n\n\n<p>Lo anterior quiere decir que al menos 79 presuntos responsables de este delito contin\u00faan en libertad.<\/p>\n\n\n\n<p>Dijo adem\u00e1s que se iniciaron mil 295 carpetas de investigaci\u00f3n por la desaparici\u00f3n de personas en 2022, de las cuales se localizaron mil 23.<\/p>\n\n\n\n<blockquote class=\"wp-block-quote is-layout-flow wp-block-quote-is-layout-flow\"><p>\u201c<em>En mi gesti\u00f3n, se han judicializado 55 carpetas de investigaci\u00f3n; se obtuvieron 196 \u00f3rdenes de aprehensi\u00f3n de las cuales se han ejecutado 117, y se han logrado 7 sentencias condenatorias de hasta 100 a\u00f1os. Es importante resaltar que, en todo el pa\u00eds, solo se han emitido 36 sentencias por desaparici\u00f3n, de las cuales 8 se han obtenido en Veracruz<\/em>\u201d.<\/p><\/blockquote>\n\n\n\n<p>Y agreg\u00f3 que se llevaron a cabo 432 juntas presenciales y virtuales con diferentes colectivos de familias de personas desaparecidas y se realizaron revisiones de carpetas durante el periodo que informa.<\/p>\n\n\n\n<blockquote class=\"wp-block-quote is-layout-flow wp-block-quote-is-layout-flow\"><p>\u201c<em>Contando siempre con la presencia de los colectivos, Comisi\u00f3n Estatal de Derechos Humanos, Comisi\u00f3n Estatal de B\u00fasqueda, Comisi\u00f3n Ejecutiva de Atenci\u00f3n Integral a V\u00edctimas y apoyo de fuerzas federales y estatales de seguridad, se continu\u00f3 con los trabajos de recuperaci\u00f3n y exhumaci\u00f3n de restos humanos en 60 fosas<\/em>\u201d<\/p><\/blockquote>\n","protected":false},"excerpt":{"rendered":"<p>Sam Ojeda \/ NV Noticias Xalapa.- La fiscal general de Veracruz, Ver\u00f3nica Hern\u00e1ndez Giadans, reconoci\u00f3 que \u00fanicamente han logrado sentencias en ocho casos de desaparici\u00f3n de personas.&nbsp; Al comparecer ante los diputados locales admiti\u00f3 que de las 196 \u00f3rdenes de aprehensi\u00f3n&nbsp; que se han emitido contra acusados del delito de desaparici\u00f3n \u00fanicamente se han ejecutado [&hellip;]<\/p>\n","protected":false},"author":8,"featured_media":91523,"comment_status":"open","ping_status":"open","sticky":false,"template":"","format":"standard","meta":{"_monsterinsights_skip_tracking":false,"_monsterinsights_sitenote_active":false,"_monsterinsights_sitenote_note":"","_monsterinsights_sitenote_category":0,"footnotes":""},"categories":[156],"tags":[964],"class_list":["post-91521","post","type-post","status-publish","format-standard","has-post-thumbnail","hentry","category-estado","tag-veronica-hernandez-giadans","wp-image-borders"],"amp_enabled":true,"_links":{"self":[{"href":"https:\/\/nvnoticias.mx\/index.php\/wp-json\/wp\/v2\/posts\/91521","targetHints":{"allow":["GET"]}}],"collection":[{"href":"https:\/\/nvnoticias.mx\/index.php\/wp-json\/wp\/v2\/posts"}],"about":[{"href":"https:\/\/nvnoticias.mx\/index.php\/wp-json\/wp\/v2\/types\/post"}],"author":[{"embeddable":true,"href":"https:\/\/nvnoticias.mx\/index.php\/wp-json\/wp\/v2\/users\/8"}],"replies":[{"embeddable":true,"href":"https:\/\/nvnoticias.mx\/index.php\/wp-json\/wp\/v2\/comments?post=91521"}],"version-history":[{"count":1,"href":"https:\/\/nvnoticias.mx\/index.php\/wp-json\/wp\/v2\/posts\/91521\/revisions"}],"predecessor-version":[{"id":91524,"href":"https:\/\/nvnoticias.mx\/index.php\/wp-json\/wp\/v2\/posts\/91521\/revisions\/91524"}],"wp:featuredmedia":[{"embeddable":true,"href":"https:\/\/nvnoticias.mx\/index.php\/wp-json\/wp\/v2\/media\/91523"}],"wp:attachment":[{"href":"https:\/\/nvnoticias.mx\/index.php\/wp-json\/wp\/v2\/media?parent=91521"}],"wp:term":[{"taxonomy":"category","embeddable":true,"href":"https:\/\/nvnoticias.mx\/index.php\/wp-json\/wp\/v2\/categories?post=91521"},{"taxonomy":"post_tag","embeddable":true,"href":"https:\/\/nvnoticias.mx\/index.php\/wp-json\/wp\/v2\/tags?post=91521"}],"curies":[{"name":"wp","href":"https:\/\/api.w.org\/{rel}","templated":true}]}}