{"id":91444,"date":"2023-01-23T18:19:01","date_gmt":"2023-01-24T00:19:01","guid":{"rendered":"https:\/\/nvnoticias.mx\/?p=91444"},"modified":"2023-01-23T18:19:02","modified_gmt":"2023-01-24T00:19:02","slug":"ven-a-disfrutar-en-xalapa-de-una-fiesta-de-las-letras","status":"publish","type":"post","link":"https:\/\/nvnoticias.mx\/index.php\/2023\/01\/23\/ven-a-disfrutar-en-xalapa-de-una-fiesta-de-las-letras\/","title":{"rendered":"Ven a disfrutar en Xalapa de una Fiesta de las Letras"},"content":{"rendered":"\n<p>Xalapa, Ver.- Grandes actividades art\u00edsticas, musicales y literarias marcar\u00e1n el cierre del mes de enero en Xalapa, destacando importantes eventos como la Fiesta de Las Letras y el 1er Festival de Interpretes de la Canci\u00f3n.<\/p>\n\n\n\n<p>A lo largo de esta semana, la Direcci\u00f3n de Cultura tambi\u00e9n prepar\u00f3 recitales, proyecciones de pel\u00edculas, espect\u00e1culos de danza, conciertos, exposiciones fotogr\u00e1ficas y festivales para el disfrute de los capitalinos.<\/p>\n\n\n\n<p>Este martes 24, a las 16:00 y 20:00 horas, en el Teatro JJ Herrera, los alumnos de la Orquesta Sinf\u00f3nica Infantil y Juvenil (OSIJ) ofrecer\u00e1n un ciclo de recitales, que se repetir\u00e1 adem\u00e1s del viernes 27 de enero a las 10:00 y 12:00 horas en el Foro Guadalupe Balderas del Centro Recreativo Xalape\u00f1o (CRX).<\/p>\n\n\n\n<p>El mi\u00e9rcoles 25 de enero a las 18:00 horas en el Teatro JJ Herrera, la Academia de Ballet y Artes Danc\u00edsticas Dannsyl presentar\u00e1 \u201cLa La Land\u201d, una obra de ballet moderno original de Sylvana Lim\u00f3n; entre tanto, en el CRX a las 18:30 horas se proyectar\u00e1 la pel\u00edcula \u201cAventurera\u201d.<\/p>\n\n\n\n<p>En este \u00faltimo recinto cultural, pero el jueves 26 de enero a las 10:00 horas seguir\u00e1 el Taller de Recreaci\u00f3n y Crecimiento Personal a trav\u00e9s del Arte; y a las 17:00 horas y como parte de las Tardes de Xallitic, Aar\u00f3n El potrillo de los Teclados se presentar\u00e1 en la emblem\u00e1tica plaza de este barrio capitalino.<\/p>\n\n\n\n<p>Asimismo, ese d\u00eda y el viernes 27 de enero a las 19:00 horas en el Teatro JJ Herrera ser\u00e1 el turno del concierto \u201cDe Canto, Tierra y Viento\u201d; y a la misma hora, en el Auditorio de la Iniciativa Municipal de Arte y Cultura (IMAC), la Banda Sinf\u00f3nica del Gobierno del Estado ofrecer\u00e1 el concierto \u201cSolistas\u201d.<\/p>\n\n\n\n<p>El s\u00e1bado 28 de enero a las 16:00 horas en el CRX ser\u00e1 el turno de la \u201cFiesta de Letras\u201d, que contar\u00e1 con m\u00fasica, teatro, declamaci\u00f3n, poes\u00eda, canto y prosa; y a las 17:00 horas en la Casa Do\u00f1a Falla Museo de la M\u00fasica Veracruzana Kevin Zabdiel presentar\u00e1 el recital Cuarteto de Cuerdas y Arpas.<\/p>\n\n\n\n<p>A las 18:00 horas en el parque Benito Ju\u00e1rez continuar\u00e1 el programa fijo \u201c\u00a1Ven y baila!, danz\u00f3n pa\u00b4l coraz\u00f3n\u201d; y a la misma hora, pero en el Teatro JJ Herrera, Betania Cuentacuentos, Iv\u00e1n Zepeda Vald\u00e9s y el Cuentero Cordob\u00e9s presentan \u201cEl Sue\u00f1o de la Tortuga y otros cuentos africanos\u201d, que contar\u00e1 adem\u00e1s con cuentos, cantos, danzas y m\u00fasica en vivo.<\/p>\n\n\n\n<p>El domingo 29 a las 12:00 horas en el parque Benito Ju\u00e1rez habr\u00e1 juego de loter\u00eda, show de payasitos, la presentaci\u00f3n del ballet Folkl\u00f3rico Tlanextli y Mercado de Hojas; mientras que a las 17:00 horas en la Casa Do\u00f1a Falla Museo de la M\u00fasica Veracruzana, Guitarinet de la Secretar\u00eda de Educaci\u00f3n de Veracruz (SEV) ofrecer\u00e1 un recital.<\/p>\n\n\n\n<p>Para cerrar el mes, el martes 31 de enero a las 17:00 horas en el Teatro JJ Herrera se llevar\u00e1 a cabo el 1er Festival de Interpretes de la Canci\u00f3n, en coordinaci\u00f3n con el Sindicato Nacional de Trabajadores de la M\u00fasica del Estado de Veracruz, en el que podr\u00e1n participar personas entre los 12 y 22 a\u00f1os.<\/p>\n\n\n\n<p>Cabe destacar que en el CRX continuar\u00e1 hasta el 10 de febrero la exposici\u00f3n itinerante \u201cTestimonios de la \u00c9poca de Oro del cine mexicano\u201d, que recopila y documenta la \u00e9poca dorada del s\u00e9ptimo arte en nuestro pa\u00eds.<\/p>\n\n\n\n<p>Mientras tanto, en el Museo Casa de Xalapa seguir\u00e1 la exposici\u00f3n \u201c1531-1886 Convento Franciscano de Xalapa\u201d, la cual podr\u00e1 visitarse de martes a domingo de 10:00 a 19:00 horas; y en la Casa Do\u00f1a Falla Museo de la M\u00fasica Veracruzana seguir\u00e1 abierta la Exposici\u00f3n Ruido de Axel Calatayud.<\/p>\n\n\n\n<p>Adicionalmente y para los interesados en aprender Pintura; Ajedrez; Flauta Dulce; Dise\u00f1o y Elaboraci\u00f3n de Juguetes; Son Jarocho, Zapateado, Jarana, Requinto, Leona, y Telar de Cintura, en el CRX continuar\u00e1n los talleres todos los s\u00e1bados.<\/p>\n\n\n\n<p>En el S\u00f3tano de la IMAC seguir\u00e1n los talleres Ballet Aztl\u00e1n (en distintas fechas) y de Danz\u00f3n de DIF (todos los lunes); y los lunes y mi\u00e9rcoles a las 19:45 y 20:00 horas, Cultura Danz\u00f3n impartir\u00e1 los talleres danzoneando en el CRX; y en el Taller de Arte Popular (TAP), ubicado en la Colonia Higueras seguir\u00e1n los talleres de Cartoner\u00eda y Papel Mach\u00e9, Orfebrer\u00eda, Talla de Madera y Alfarer\u00eda.<\/p>\n\n\n\n<p>M\u00e1s informaci\u00f3n y detalles de todos los eventos los puede consultar en la p\u00e1gina de Facebook de Cultura Xalapa.<\/p>\n\n\n\n<figure class=\"wp-block-gallery columns-3 is-cropped wp-block-gallery-1 is-layout-flex wp-block-gallery-is-layout-flex\"><ul class=\"blocks-gallery-grid\"><li class=\"blocks-gallery-item\"><figure><img loading=\"lazy\" decoding=\"async\" width=\"818\" height=\"1024\" src=\"https:\/\/nvnoticias.mx\/wp-content\/uploads\/2023\/01\/WhatsApp-Image-2023-01-23-at-5.11.43-PM-818x1024.jpeg\" alt=\"\" data-id=\"91445\" data-link=\"https:\/\/nvnoticias.mx\/?attachment_id=91445\" class=\"wp-image-91445\" srcset=\"https:\/\/nvnoticias.mx\/wp-content\/uploads\/2023\/01\/WhatsApp-Image-2023-01-23-at-5.11.43-PM-818x1024.jpeg 818w, https:\/\/nvnoticias.mx\/wp-content\/uploads\/2023\/01\/WhatsApp-Image-2023-01-23-at-5.11.43-PM-240x300.jpeg 240w, https:\/\/nvnoticias.mx\/wp-content\/uploads\/2023\/01\/WhatsApp-Image-2023-01-23-at-5.11.43-PM-768x962.jpeg 768w, https:\/\/nvnoticias.mx\/wp-content\/uploads\/2023\/01\/WhatsApp-Image-2023-01-23-at-5.11.43-PM.jpeg 1022w\" sizes=\"auto, (max-width: 818px) 100vw, 818px\" \/><\/figure><\/li><li class=\"blocks-gallery-item\"><figure><img loading=\"lazy\" decoding=\"async\" width=\"818\" height=\"1024\" src=\"https:\/\/nvnoticias.mx\/wp-content\/uploads\/2023\/01\/WhatsApp-Image-2023-01-23-at-5.11.44-PM-818x1024.jpeg\" alt=\"\" data-id=\"91446\" data-link=\"https:\/\/nvnoticias.mx\/?attachment_id=91446\" class=\"wp-image-91446\" srcset=\"https:\/\/nvnoticias.mx\/wp-content\/uploads\/2023\/01\/WhatsApp-Image-2023-01-23-at-5.11.44-PM-818x1024.jpeg 818w, https:\/\/nvnoticias.mx\/wp-content\/uploads\/2023\/01\/WhatsApp-Image-2023-01-23-at-5.11.44-PM-240x300.jpeg 240w, https:\/\/nvnoticias.mx\/wp-content\/uploads\/2023\/01\/WhatsApp-Image-2023-01-23-at-5.11.44-PM-768x962.jpeg 768w, https:\/\/nvnoticias.mx\/wp-content\/uploads\/2023\/01\/WhatsApp-Image-2023-01-23-at-5.11.44-PM.jpeg 1022w\" sizes=\"auto, (max-width: 818px) 100vw, 818px\" \/><\/figure><\/li><li class=\"blocks-gallery-item\"><figure><img loading=\"lazy\" decoding=\"async\" width=\"818\" height=\"1024\" src=\"https:\/\/nvnoticias.mx\/wp-content\/uploads\/2023\/01\/WhatsApp-Image-2023-01-23-at-5.11.44-PM-1-818x1024.jpeg\" alt=\"\" data-id=\"91447\" data-link=\"https:\/\/nvnoticias.mx\/?attachment_id=91447\" class=\"wp-image-91447\" srcset=\"https:\/\/nvnoticias.mx\/wp-content\/uploads\/2023\/01\/WhatsApp-Image-2023-01-23-at-5.11.44-PM-1-818x1024.jpeg 818w, https:\/\/nvnoticias.mx\/wp-content\/uploads\/2023\/01\/WhatsApp-Image-2023-01-23-at-5.11.44-PM-1-240x300.jpeg 240w, https:\/\/nvnoticias.mx\/wp-content\/uploads\/2023\/01\/WhatsApp-Image-2023-01-23-at-5.11.44-PM-1-768x962.jpeg 768w, https:\/\/nvnoticias.mx\/wp-content\/uploads\/2023\/01\/WhatsApp-Image-2023-01-23-at-5.11.44-PM-1.jpeg 1022w\" sizes=\"auto, (max-width: 818px) 100vw, 818px\" \/><\/figure><\/li><li class=\"blocks-gallery-item\"><figure><img loading=\"lazy\" decoding=\"async\" width=\"818\" height=\"1024\" src=\"https:\/\/nvnoticias.mx\/wp-content\/uploads\/2023\/01\/WhatsApp-Image-2023-01-23-at-5.11.44-PM-2-818x1024.jpeg\" alt=\"\" data-id=\"91448\" data-link=\"https:\/\/nvnoticias.mx\/?attachment_id=91448\" class=\"wp-image-91448\" srcset=\"https:\/\/nvnoticias.mx\/wp-content\/uploads\/2023\/01\/WhatsApp-Image-2023-01-23-at-5.11.44-PM-2-818x1024.jpeg 818w, https:\/\/nvnoticias.mx\/wp-content\/uploads\/2023\/01\/WhatsApp-Image-2023-01-23-at-5.11.44-PM-2-240x300.jpeg 240w, https:\/\/nvnoticias.mx\/wp-content\/uploads\/2023\/01\/WhatsApp-Image-2023-01-23-at-5.11.44-PM-2-768x962.jpeg 768w, https:\/\/nvnoticias.mx\/wp-content\/uploads\/2023\/01\/WhatsApp-Image-2023-01-23-at-5.11.44-PM-2.jpeg 1022w\" sizes=\"auto, (max-width: 818px) 100vw, 818px\" \/><\/figure><\/li><li class=\"blocks-gallery-item\"><figure><img loading=\"lazy\" decoding=\"async\" width=\"1024\" height=\"1024\" src=\"https:\/\/nvnoticias.mx\/wp-content\/uploads\/2023\/01\/WhatsApp-Image-2023-01-23-at-5.11.45-PM-1024x1024.jpeg\" alt=\"\" data-id=\"91449\" data-link=\"https:\/\/nvnoticias.mx\/?attachment_id=91449\" class=\"wp-image-91449\" srcset=\"https:\/\/nvnoticias.mx\/wp-content\/uploads\/2023\/01\/WhatsApp-Image-2023-01-23-at-5.11.45-PM-1024x1024.jpeg 1024w, https:\/\/nvnoticias.mx\/wp-content\/uploads\/2023\/01\/WhatsApp-Image-2023-01-23-at-5.11.45-PM-300x300.jpeg 300w, https:\/\/nvnoticias.mx\/wp-content\/uploads\/2023\/01\/WhatsApp-Image-2023-01-23-at-5.11.45-PM-150x150.jpeg 150w, https:\/\/nvnoticias.mx\/wp-content\/uploads\/2023\/01\/WhatsApp-Image-2023-01-23-at-5.11.45-PM-768x768.jpeg 768w, https:\/\/nvnoticias.mx\/wp-content\/uploads\/2023\/01\/WhatsApp-Image-2023-01-23-at-5.11.45-PM-600x600.jpeg 600w, https:\/\/nvnoticias.mx\/wp-content\/uploads\/2023\/01\/WhatsApp-Image-2023-01-23-at-5.11.45-PM-100x100.jpeg 100w, https:\/\/nvnoticias.mx\/wp-content\/uploads\/2023\/01\/WhatsApp-Image-2023-01-23-at-5.11.45-PM.jpeg 1280w\" sizes=\"auto, (max-width: 1024px) 100vw, 1024px\" \/><\/figure><\/li><li class=\"blocks-gallery-item\"><figure><img loading=\"lazy\" decoding=\"async\" width=\"818\" height=\"1024\" src=\"https:\/\/nvnoticias.mx\/wp-content\/uploads\/2023\/01\/WhatsApp-Image-2023-01-23-at-5.11.48-PM-818x1024.jpeg\" alt=\"\" data-id=\"91450\" data-full-url=\"https:\/\/nvnoticias.mx\/wp-content\/uploads\/2023\/01\/WhatsApp-Image-2023-01-23-at-5.11.48-PM.jpeg\" data-link=\"https:\/\/nvnoticias.mx\/?attachment_id=91450\" class=\"wp-image-91450\" srcset=\"https:\/\/nvnoticias.mx\/wp-content\/uploads\/2023\/01\/WhatsApp-Image-2023-01-23-at-5.11.48-PM-818x1024.jpeg 818w, https:\/\/nvnoticias.mx\/wp-content\/uploads\/2023\/01\/WhatsApp-Image-2023-01-23-at-5.11.48-PM-240x300.jpeg 240w, https:\/\/nvnoticias.mx\/wp-content\/uploads\/2023\/01\/WhatsApp-Image-2023-01-23-at-5.11.48-PM-768x962.jpeg 768w, https:\/\/nvnoticias.mx\/wp-content\/uploads\/2023\/01\/WhatsApp-Image-2023-01-23-at-5.11.48-PM.jpeg 1022w\" sizes=\"auto, (max-width: 818px) 100vw, 818px\" \/><\/figure><\/li><\/ul><\/figure>\n","protected":false},"excerpt":{"rendered":"<p>Xalapa, Ver.- Grandes actividades art\u00edsticas, musicales y literarias marcar\u00e1n el cierre del mes de enero en Xalapa, destacando importantes eventos como la Fiesta de Las Letras y el 1er Festival de Interpretes de la Canci\u00f3n. A lo largo de esta semana, la Direcci\u00f3n de Cultura tambi\u00e9n prepar\u00f3 recitales, proyecciones de pel\u00edculas, espect\u00e1culos de danza, conciertos, [&hellip;]<\/p>\n","protected":false},"author":8,"featured_media":91451,"comment_status":"open","ping_status":"open","sticky":false,"template":"","format":"standard","meta":{"_monsterinsights_skip_tracking":false,"_monsterinsights_sitenote_active":false,"_monsterinsights_sitenote_note":"","_monsterinsights_sitenote_category":0,"footnotes":""},"categories":[156],"tags":[22766,312],"class_list":["post-91444","post","type-post","status-publish","format-standard","has-post-thumbnail","hentry","category-estado","tag-fiesta-de-las-letras","tag-xalapa","wp-image-borders"],"amp_enabled":true,"_links":{"self":[{"href":"https:\/\/nvnoticias.mx\/index.php\/wp-json\/wp\/v2\/posts\/91444","targetHints":{"allow":["GET"]}}],"collection":[{"href":"https:\/\/nvnoticias.mx\/index.php\/wp-json\/wp\/v2\/posts"}],"about":[{"href":"https:\/\/nvnoticias.mx\/index.php\/wp-json\/wp\/v2\/types\/post"}],"author":[{"embeddable":true,"href":"https:\/\/nvnoticias.mx\/index.php\/wp-json\/wp\/v2\/users\/8"}],"replies":[{"embeddable":true,"href":"https:\/\/nvnoticias.mx\/index.php\/wp-json\/wp\/v2\/comments?post=91444"}],"version-history":[{"count":1,"href":"https:\/\/nvnoticias.mx\/index.php\/wp-json\/wp\/v2\/posts\/91444\/revisions"}],"predecessor-version":[{"id":91452,"href":"https:\/\/nvnoticias.mx\/index.php\/wp-json\/wp\/v2\/posts\/91444\/revisions\/91452"}],"wp:featuredmedia":[{"embeddable":true,"href":"https:\/\/nvnoticias.mx\/index.php\/wp-json\/wp\/v2\/media\/91451"}],"wp:attachment":[{"href":"https:\/\/nvnoticias.mx\/index.php\/wp-json\/wp\/v2\/media?parent=91444"}],"wp:term":[{"taxonomy":"category","embeddable":true,"href":"https:\/\/nvnoticias.mx\/index.php\/wp-json\/wp\/v2\/categories?post=91444"},{"taxonomy":"post_tag","embeddable":true,"href":"https:\/\/nvnoticias.mx\/index.php\/wp-json\/wp\/v2\/tags?post=91444"}],"curies":[{"name":"wp","href":"https:\/\/api.w.org\/{rel}","templated":true}]}}