{"id":91431,"date":"2023-01-23T16:26:01","date_gmt":"2023-01-23T22:26:01","guid":{"rendered":"https:\/\/nvnoticias.mx\/?p=91431"},"modified":"2023-01-23T16:26:03","modified_gmt":"2023-01-23T22:26:03","slug":"aqui-no-pasa-nada","status":"publish","type":"post","link":"https:\/\/nvnoticias.mx\/index.php\/2023\/01\/23\/aqui-no-pasa-nada\/","title":{"rendered":"\u00bfAqu\u00ed no pasa nada?"},"content":{"rendered":"\n<p><strong>Ricardo Homs<\/strong><\/p>\n\n\n\n<p>Hoy las declaraciones del presidente L\u00f3pez Obrador en su ma\u00f1anera, -exigiendo que la&nbsp;<strong>UNAM<\/strong>&nbsp;denuncie a la ministra Yasm\u00edn Esquivel por el plagio de tesis -, y por otra, el posicionamiento de esta reconocida instituci\u00f3n frente a este caso, dado a conocer ayer viernes en voz de su rector Enrique Graue, acaparan la atenci\u00f3n p\u00fablica.<\/p>\n\n\n\n<p>El \u00e1mbito de la UNAM es simplemente acad\u00e9mico y lo \u00fanico que puede hacer esta instituci\u00f3n es seguir reconociendo el t\u00edtulo o retirarle la validez. A la UNAM no le toca denunciar jur\u00eddicamente, sino al afectado por el plagio.<\/p>\n\n\n\n<p>Sin embargo, nadie menciona un hecho de sentido com\u00fan, que es la vulnerabilidad del presunto plagiado al enfrentarse y desmentir a una ministra, siendo \u00e9l un miembrodel poder judicial. La correlaci\u00f3n de fuerzas entre ambos es totalmente inequitativa.<\/p>\n\n\n\n<p>El video que estos \u00faltimos d\u00edas se ha dado a conocer muestra a&nbsp;<strong>Edgar B\u00e1ez<\/strong>, -el presunto plagiario seg\u00fan la ministra-, firmando documentos, o sea la carta de aceptaci\u00f3n del plagio.<\/p>\n\n\n\n<p>Destaca en la foto del video que fue difundida medi\u00e1ticamente, la presencia del notario Amando Mastachi detr\u00e1s de \u00e9l, quien es el \u00fanico de los dos que se identifica visualmente, pues quien firma trae gorro y cubrebocas.<\/p>\n\n\n\n<p>Curiosamente este importante elemento probatorio no fue mencionado originalmente como parte de las pruebas presentadas ante la<strong>&nbsp;Fiscal\u00eda de la CDMX<\/strong>-, lo cual deja una leve sospecha de que podr\u00eda haber sido realizado posteriormente al esc\u00e1ndalo, -como un montaje-, y la participaci\u00f3n de Edgar B\u00e1ez podr\u00eda haber sido bajo coacci\u00f3n. En fin, la sospecha toma camino sobre la base de la crisis de credibilidad que se expande por todo M\u00e9xico, contaminando la credibilidad p\u00fablica en la impartici\u00f3n de justicia.<\/p>\n\n\n\n<p>El caso de la tesis de la ministra rebasa con mucho el \u00e1mbito acad\u00e9mico. Quiz\u00e1, -de todo lo sucedido con este caso-, lo m\u00e1s grave y lo que debiese preocuparnos, es la actitud de la ministra a partir de sus intentos por escabullir las responsabilidades de su error juvenil y las consecuencias del posible plagio.<\/p>\n\n\n\n<p>El sentido com\u00fan nos dice que si ambas tesis en conflicto se parecen, -al grado de ser consideradas \u201ccopia sustancial\u201d una de otra, de acuerdo al dictamen t\u00e9cnico de la&nbsp;<strong>FES Arag\u00f3n-<\/strong>, podemos deducir que para validar la declaraci\u00f3n de originalidad de la ministra, la tesis de ella deb\u00eda haber estado totalmente concluida varios meses antes del examen profesional de Edgar B\u00e1ez, -considerando el tiempo de an\u00e1lisis por parte del jurado y del tr\u00e1mite burocr\u00e1tico-, o sea, antes de julio de 1986, fecha que consigna la car\u00e1tula de la tesis de Edgar B\u00e1ez.<\/p>\n\n\n\n<p>Adem\u00e1s, la tesis de la ministra cita referencias de peri\u00f3dicos publicados en 1986 y menciona la crisis econ\u00f3mica de 1987. De este modo hace dif\u00edcil suponer que pudiese estar totalmente terminada a finales de 1985 o principios de 1986.<\/p>\n\n\n\n<p>Sin embargo, no es lo mismo considerar el error de juventud cometido por una estudiante, que las posibles faltas a la verdad cometidas por una ministra perteneciente al m\u00e1ximo tribunal constitucional del pa\u00eds.<\/p>\n\n\n\n<p>Sin embargo, buscando la esencia de este acontecimiento que ha sacudido al pa\u00eds, debemos reconocer a estas fechas que el enfoque acad\u00e9mico, -que es el que compete a la UNAM-, es s\u00f3lo una parte del contexto.<\/p>\n\n\n\n<p>Lo m\u00e1s grave es el silencio de la misma<strong>&nbsp;SCJN<\/strong>&nbsp;frente a la conducta asumida por uno de sus once integrantes, pues no se ha manifestado institucionalmente respecto a este caso que da\u00f1a invariablemente su reputaci\u00f3n como organismo aut\u00f3nomo y adem\u00e1s, la credibilidad de todo el Poder Judicial.<\/p>\n\n\n\n<p>Es inentendible que mientras una tormenta medi\u00e1tica sacude a la opini\u00f3n p\u00fablica, dentro de esta instituci\u00f3n se tome la actitud de \u201caqu\u00ed no pasa nada\u201d y la ministra contin\u00fae en funciones votando durante las sesiones del m\u00e1ximo tribunal constitucional del pa\u00eds.<\/p>\n\n\n\n<p>Si a ese nivel jer\u00e1rquico, -en un caso tan pol\u00e9mico-, se falsean los hechos con total impunidad, entonces\u2026 \u00bfcu\u00e1l es la garant\u00eda de una actitud \u00e9tica en los procesos que est\u00e1n bajo su responsabilidad?<\/p>\n\n\n\n<p>Una reputaci\u00f3n sana se construye a lo largo de toda una vida, pero para perder la credibilidad basta un error.<br>Cabe destacar que la gran esperanza que perme\u00f3 en la sociedad con el nombramiento de la ministra Norma Luc\u00eda Pi\u00f1a como presidenta de la SCJN, -con base en su trayectoria, estudios y su honorabilidad-, es momento de capitalizarla para rescatar la confianza de la sociedad respecto a nuestro sistema de justicia. Para ello es necesario que la SCJN tome cartas en este asunto que da\u00f1a su reputaci\u00f3n institucional y la de todo el&nbsp;<strong>Poder Judicial<\/strong>. Este es el reto m\u00e1s urgente.<\/p>\n\n\n\n<h4 class=\"wp-block-heading\">LA VENDEDORA DE AGUAS FRESCAS<\/h4>\n\n\n\n<p>El asesinato de un vendedor de frutas en Acapulco la tarde de este jueves 19, as\u00ed como la ejecuci\u00f3n de una se\u00f1ora que vend\u00eda aguas frescas en esa ciudad, el d\u00eda 15, adem\u00e1s de otros homicidios cometidos en ese estado, reflejan quiz\u00e1 una de las m\u00e1s sensibles tragedias que viven los microempresarios mexicanos a lo largo del pa\u00eds: \u201cel cobro de piso\u201d.<\/p>\n\n\n\n<p>Este delito que podemos calificar como extorsi\u00f3n se extiende cada vez m\u00e1s por todo M\u00e9xico, frente a la indiferencia del gobierno federal, as\u00ed como de los estatales y municipales.<\/p>\n\n\n\n<p>Sin embargo, este delito que no s\u00f3lo es patrimonial, -o sea econ\u00f3mico-, conlleva&nbsp;<strong>castigos f\u00edsicos y agresiones<\/strong>&nbsp;a los deudores, -e incluso asesinatos por la falta de pago-, como parecen ser estos dos casos. Es el delito m\u00e1s extendido y a la vez, el m\u00e1s ignorado y con menor castigo.<\/p>\n\n\n\n<p>Antes s\u00f3lo se cobraba \u201cderecho de piso\u201d al comercio formal, pero ahora llega al comercio informal, donde la gente est\u00e1 en nivel de sobrevivencia.<\/p>\n\n\n\n<p>Incluso para amedrentar a sus extorsionados estas bandas muestran videos en las redes sociales castigando a sus deudores, denigr\u00e1ndolos y oblig\u00e1ndolos a dar un mensaje reconociendo que el castigo se debe a la falta de pago.<br>\u00bfD\u00f3nde est\u00e1 el gobierno que se ufana de proteger \u201cprimero a los pobres\u201d?<\/p>\n\n\n\n<p>Est\u00e1 m\u00e1s preocupado por los asuntos electorales, que por defender \u201cal pueblo\u201d.<\/p>\n\n\n\n<h4 class=\"wp-block-heading\">LA MINISTRA PI\u00d1A EN LA MA\u00d1ANERA<\/h4>\n\n\n\n<p>El presidente explic\u00f3 en la ma\u00f1anera de ayer viernes que desde que la ministra&nbsp;<strong>Norma Luc\u00eda Pi\u00f1a<\/strong>&nbsp;asumi\u00f3 la presidencia de la SCJN, en el Poder Judicial se han fortalecido las pr\u00e1cticas corruptas.<\/p>\n\n\n\n<p>Lo que no est\u00e1 considerando el presidente es que la ministra Pi\u00f1a s\u00f3lo lleva 18 d\u00edas en el cargo y \u00e9l, -a cuatro a\u00f1os de asumir la presidencia de la rep\u00fablica-, sigue culpando de todos los problemas del pa\u00eds a sus antecesores y al modelo neoliberal, al cual dice haber sepultado ya. Es simple aritm\u00e9tica.<\/p>\n\n\n\n<p>Esta declaraci\u00f3n presidencial parece ser el inicio de una campa\u00f1a de desgaste en contra de ella y de la&nbsp;<strong>SCJN<\/strong>.<\/p>\n\n\n\n<p>\u00bfA usted qu\u00e9 le parece?<br>&nbsp;<\/p>\n\n\n\n<p><em>Facebook: @Ricardo.Homs1<br>Twitter: @homsricardo<br>Linkedin: Ricardo Homs<br><a href=\"http:\/\/www.ricardohoms.com\/\">www.ricardohoms.com<\/a><\/em><\/p>\n","protected":false},"excerpt":{"rendered":"<p>Ricardo Homs Hoy las declaraciones del presidente L\u00f3pez Obrador en su ma\u00f1anera, -exigiendo que la&nbsp;UNAM&nbsp;denuncie a la ministra Yasm\u00edn Esquivel por el plagio de tesis -, y por otra, el posicionamiento de esta reconocida instituci\u00f3n frente a este caso, dado a conocer ayer viernes en voz de su rector Enrique Graue, acaparan la atenci\u00f3n p\u00fablica. [&hellip;]<\/p>\n","protected":false},"author":18,"featured_media":89104,"comment_status":"open","ping_status":"open","sticky":false,"template":"","format":"standard","meta":{"_monsterinsights_skip_tracking":false,"_monsterinsights_sitenote_active":false,"_monsterinsights_sitenote_note":"","_monsterinsights_sitenote_category":0,"footnotes":""},"categories":[246],"tags":[173],"class_list":["post-91431","post","type-post","status-publish","format-standard","has-post-thumbnail","hentry","category-ricardo-homs","tag-ricardo-homs","wp-image-borders"],"amp_enabled":true,"_links":{"self":[{"href":"https:\/\/nvnoticias.mx\/index.php\/wp-json\/wp\/v2\/posts\/91431","targetHints":{"allow":["GET"]}}],"collection":[{"href":"https:\/\/nvnoticias.mx\/index.php\/wp-json\/wp\/v2\/posts"}],"about":[{"href":"https:\/\/nvnoticias.mx\/index.php\/wp-json\/wp\/v2\/types\/post"}],"author":[{"embeddable":true,"href":"https:\/\/nvnoticias.mx\/index.php\/wp-json\/wp\/v2\/users\/18"}],"replies":[{"embeddable":true,"href":"https:\/\/nvnoticias.mx\/index.php\/wp-json\/wp\/v2\/comments?post=91431"}],"version-history":[{"count":1,"href":"https:\/\/nvnoticias.mx\/index.php\/wp-json\/wp\/v2\/posts\/91431\/revisions"}],"predecessor-version":[{"id":91432,"href":"https:\/\/nvnoticias.mx\/index.php\/wp-json\/wp\/v2\/posts\/91431\/revisions\/91432"}],"wp:featuredmedia":[{"embeddable":true,"href":"https:\/\/nvnoticias.mx\/index.php\/wp-json\/wp\/v2\/media\/89104"}],"wp:attachment":[{"href":"https:\/\/nvnoticias.mx\/index.php\/wp-json\/wp\/v2\/media?parent=91431"}],"wp:term":[{"taxonomy":"category","embeddable":true,"href":"https:\/\/nvnoticias.mx\/index.php\/wp-json\/wp\/v2\/categories?post=91431"},{"taxonomy":"post_tag","embeddable":true,"href":"https:\/\/nvnoticias.mx\/index.php\/wp-json\/wp\/v2\/tags?post=91431"}],"curies":[{"name":"wp","href":"https:\/\/api.w.org\/{rel}","templated":true}]}}