{"id":91427,"date":"2023-01-23T16:18:32","date_gmt":"2023-01-23T22:18:32","guid":{"rendered":"https:\/\/nvnoticias.mx\/?p=91427"},"modified":"2023-01-23T16:19:25","modified_gmt":"2023-01-23T22:19:25","slug":"pri-condena-violencia-en-veracruz-y-cuestiona-actuacion-del-gobernador","status":"publish","type":"post","link":"https:\/\/nvnoticias.mx\/index.php\/2023\/01\/23\/pri-condena-violencia-en-veracruz-y-cuestiona-actuacion-del-gobernador\/","title":{"rendered":"PRI condena violencia en Veracruz y cuestiona actuaci\u00f3n del Gobernador"},"content":{"rendered":"\n<p>El l\u00edder parlamentario del PRI en la C\u00e1mara de Diputados, Rub\u00e9n Moreira, conden\u00f3 los hechos de violencia registrados ayer en la carretera Veracruz-Xalapa, con saldo de cuatro adultos y dos menores muertos, al tiempo de exigir al gobernador Cuitl\u00e1huac Garc\u00eda asumir su responsabilidad en el combate a la delincuencia organizada.<\/p>\n\n\n\n<p>El legislador priista advirti\u00f3 que Veracruz \u201cest\u00e1 en llamas\u201d y sostuvo que las im\u00e1genes difundidas en redes sociales muestran un estado con graves problemas de gobernabilidad.<\/p>\n\n\n\n<blockquote class=\"wp-block-quote is-layout-flow wp-block-quote-is-layout-flow\"><p>\u201c<em>En Veracruz ha ido el incremento la violencia y buena parte de su territorio est\u00e1 pr\u00e1cticamente bajo el control del crimen organizado, por lo que es importante que el gobernador Cuitl\u00e1huac Garc\u00eda asuma su responsabilidad y con toda la fuerza del estado combata a la delincuencia organizada<\/em>\u201d, puntualiz\u00f3.<\/p><\/blockquote>\n\n\n\n<p>Cuestion\u00f3 por ello la ausencia del mandatario veracruzano tras el enfrentamiento armado en la carretera Veracruz-Xalapa la tarde del domingo, adem\u00e1s de emplazar a las autoridades de procuraci\u00f3n de justicia en esa entidad a actuar y castigar a los culpables.<\/p>\n\n\n\n<p>De acuerdo con informes de la Secretar\u00eda de Seguridad y Protecci\u00f3n Ciudadana, en el estado de Veracruz se reportaron, tan solo en los primeros 22 d\u00edas de este a\u00f1o, 74 homicidios dolosos.<\/p>\n\n\n\n<p>Moreira se\u00f1al\u00f3 que la paz solo ser\u00e1 posible si los gobiernos estatales se comprometen y toman acciones contra el narcotr\u00e1fico.<\/p>\n\n\n\n<p>Puso de ejemplo a los estados de Yucat\u00e1n y Coahuila, \u201cdonde los m\u00e1rgenes de seguridad son similares a los de los pa\u00edses de primer mundo\u201d.<\/p>\n\n\n\n<p>El legislador insisti\u00f3 en la necesidad de que los mandatarios estatales realicen las acciones que les corresponden contra los grupos criminarles, enfrent\u00e1ndolos en coordinaci\u00f3n con las autoridades de seguridad federal y municipales.<\/p>\n\n\n\n<p>Fuente: <a href=\"https:\/\/www.milenio.com\/politica\/pri-condena-violencia-en-veracruz-y-cuestiona-actuacion-del-gobernador\">Milenio<\/a><\/p>\n","protected":false},"excerpt":{"rendered":"<p>El l\u00edder parlamentario del PRI en la C\u00e1mara de Diputados, Rub\u00e9n Moreira, conden\u00f3 los hechos de violencia registrados ayer en la carretera Veracruz-Xalapa, con saldo de cuatro adultos y dos menores muertos, al tiempo de exigir al gobernador Cuitl\u00e1huac Garc\u00eda asumir su responsabilidad en el combate a la delincuencia organizada. El legislador priista advirti\u00f3 que [&hellip;]<\/p>\n","protected":false},"author":8,"featured_media":91428,"comment_status":"open","ping_status":"open","sticky":false,"template":"","format":"standard","meta":{"_monsterinsights_skip_tracking":false,"_monsterinsights_sitenote_active":false,"_monsterinsights_sitenote_note":"","_monsterinsights_sitenote_category":0,"footnotes":""},"categories":[158],"tags":[208,180,203],"class_list":["post-91427","post","type-post","status-publish","format-standard","has-post-thumbnail","hentry","category-politica","tag-pri","tag-veracruz","tag-violencia","wp-image-borders"],"amp_enabled":true,"_links":{"self":[{"href":"https:\/\/nvnoticias.mx\/index.php\/wp-json\/wp\/v2\/posts\/91427","targetHints":{"allow":["GET"]}}],"collection":[{"href":"https:\/\/nvnoticias.mx\/index.php\/wp-json\/wp\/v2\/posts"}],"about":[{"href":"https:\/\/nvnoticias.mx\/index.php\/wp-json\/wp\/v2\/types\/post"}],"author":[{"embeddable":true,"href":"https:\/\/nvnoticias.mx\/index.php\/wp-json\/wp\/v2\/users\/8"}],"replies":[{"embeddable":true,"href":"https:\/\/nvnoticias.mx\/index.php\/wp-json\/wp\/v2\/comments?post=91427"}],"version-history":[{"count":2,"href":"https:\/\/nvnoticias.mx\/index.php\/wp-json\/wp\/v2\/posts\/91427\/revisions"}],"predecessor-version":[{"id":91430,"href":"https:\/\/nvnoticias.mx\/index.php\/wp-json\/wp\/v2\/posts\/91427\/revisions\/91430"}],"wp:featuredmedia":[{"embeddable":true,"href":"https:\/\/nvnoticias.mx\/index.php\/wp-json\/wp\/v2\/media\/91428"}],"wp:attachment":[{"href":"https:\/\/nvnoticias.mx\/index.php\/wp-json\/wp\/v2\/media?parent=91427"}],"wp:term":[{"taxonomy":"category","embeddable":true,"href":"https:\/\/nvnoticias.mx\/index.php\/wp-json\/wp\/v2\/categories?post=91427"},{"taxonomy":"post_tag","embeddable":true,"href":"https:\/\/nvnoticias.mx\/index.php\/wp-json\/wp\/v2\/tags?post=91427"}],"curies":[{"name":"wp","href":"https:\/\/api.w.org\/{rel}","templated":true}]}}