{"id":91408,"date":"2023-01-23T14:56:18","date_gmt":"2023-01-23T20:56:18","guid":{"rendered":"https:\/\/nvnoticias.mx\/?p=91408"},"modified":"2023-01-23T15:49:24","modified_gmt":"2023-01-23T21:49:24","slug":"confirma-secretaria-de-economia-que-se-reunio-con-empresas-canadienses-de-energia","status":"publish","type":"post","link":"https:\/\/nvnoticias.mx\/index.php\/2023\/01\/23\/confirma-secretaria-de-economia-que-se-reunio-con-empresas-canadienses-de-energia\/","title":{"rendered":"Confirma Secretaria de Econom\u00eda que se reuni\u00f3 con empresas canadienses de energ\u00eda"},"content":{"rendered":"\n<p>&nbsp;La secretaria de Econom\u00eda, Raquel Buenrostro, se reuni\u00f3 con representantes de empresas energ\u00e9ticas de Canad\u00e1 para revisar los \u201cacuerdos positivos\u201d alcanzados con el presidente del pa\u00eds, Andr\u00e9s Manuel L\u00f3pez Obrador, y pactaron volver a juntarse a fines febrero, dijo el lunes la dependencia.<\/p>\n\n\n\n<p>El mandatario dijo el jueves que se entrevist\u00f3 con cuatro empresas canadienses del sector el\u00e9ctrico y resolvi\u00f3 inquietudes respecto a su operaci\u00f3n en M\u00e9xico, tras reiteradas quejas de autoridades y compa\u00f1\u00edas de ese pa\u00eds sobre un cambio en las reglas de juego.<\/p>\n\n\n\n<p>Una semana antes, durante la Cumbre de L\u00edderes de Am\u00e9rica del Norte celebrada en la capital mexicana, L\u00f3pez Obrador convers\u00f3 con el primer ministro de Canad\u00e1, Justin Trudeau, sobre el asunto, por el que Ottawa y Washington iniciaron un proceso de consultas en el marco del acuerdo comercial regional, TMEC.<\/p>\n\n\n\n<p>La Secretar\u00eda de Econom\u00eda no ofreci\u00f3 m\u00e1s detalles sobre la fecha de la pr\u00f3xima reuni\u00f3n ni sobre las empresas que participaron en el encuentro.<\/p>\n\n\n\n<p>Desde que lleg\u00f3 al poder en 2018, L\u00f3pez Obrador ha promovido cambios legales para favorecer a la estatal Comisi\u00f3n Federal de Electricidad (CFE), d\u00e1ndole preponderancia frente a firmas extranjeras y de energ\u00eda renovable, algunas de ellas de Canad\u00e1.<\/p>\n\n\n\n<p>Fuente: <a href=\"https:\/\/www.forbes.com.mx\/secretaria-de-economia-confirma-que-se-reunio-con-empresas-canadienses-de-energia\/\" data-type=\"URL\" data-id=\"https:\/\/www.forbes.com.mx\/secretaria-de-economia-confirma-que-se-reunio-con-empresas-canadienses-de-energia\/\">Forbes<\/a> <\/p>\n","protected":false},"excerpt":{"rendered":"<p>&nbsp;La secretaria de Econom\u00eda, Raquel Buenrostro, se reuni\u00f3 con representantes de empresas energ\u00e9ticas de Canad\u00e1 para revisar los \u201cacuerdos positivos\u201d alcanzados con el presidente del pa\u00eds, Andr\u00e9s Manuel L\u00f3pez Obrador, y pactaron volver a juntarse a fines febrero, dijo el lunes la dependencia. El mandatario dijo el jueves que se entrevist\u00f3 con cuatro empresas canadienses [&hellip;]<\/p>\n","protected":false},"author":35,"featured_media":77349,"comment_status":"open","ping_status":"open","sticky":false,"template":"","format":"standard","meta":{"_monsterinsights_skip_tracking":false,"_monsterinsights_sitenote_active":false,"_monsterinsights_sitenote_note":"","_monsterinsights_sitenote_category":0,"footnotes":""},"categories":[158],"tags":[496,162,16930],"class_list":["post-91408","post","type-post","status-publish","format-standard","has-post-thumbnail","hentry","category-politica","tag-empresas","tag-portada","tag-raquel-buenrostro","wp-image-borders"],"amp_enabled":true,"_links":{"self":[{"href":"https:\/\/nvnoticias.mx\/index.php\/wp-json\/wp\/v2\/posts\/91408","targetHints":{"allow":["GET"]}}],"collection":[{"href":"https:\/\/nvnoticias.mx\/index.php\/wp-json\/wp\/v2\/posts"}],"about":[{"href":"https:\/\/nvnoticias.mx\/index.php\/wp-json\/wp\/v2\/types\/post"}],"author":[{"embeddable":true,"href":"https:\/\/nvnoticias.mx\/index.php\/wp-json\/wp\/v2\/users\/35"}],"replies":[{"embeddable":true,"href":"https:\/\/nvnoticias.mx\/index.php\/wp-json\/wp\/v2\/comments?post=91408"}],"version-history":[{"count":4,"href":"https:\/\/nvnoticias.mx\/index.php\/wp-json\/wp\/v2\/posts\/91408\/revisions"}],"predecessor-version":[{"id":91412,"href":"https:\/\/nvnoticias.mx\/index.php\/wp-json\/wp\/v2\/posts\/91408\/revisions\/91412"}],"wp:featuredmedia":[{"embeddable":true,"href":"https:\/\/nvnoticias.mx\/index.php\/wp-json\/wp\/v2\/media\/77349"}],"wp:attachment":[{"href":"https:\/\/nvnoticias.mx\/index.php\/wp-json\/wp\/v2\/media?parent=91408"}],"wp:term":[{"taxonomy":"category","embeddable":true,"href":"https:\/\/nvnoticias.mx\/index.php\/wp-json\/wp\/v2\/categories?post=91408"},{"taxonomy":"post_tag","embeddable":true,"href":"https:\/\/nvnoticias.mx\/index.php\/wp-json\/wp\/v2\/tags?post=91408"}],"curies":[{"name":"wp","href":"https:\/\/api.w.org\/{rel}","templated":true}]}}