{"id":91394,"date":"2023-01-23T14:37:05","date_gmt":"2023-01-23T20:37:05","guid":{"rendered":"https:\/\/nvnoticias.mx\/?p=91394"},"modified":"2023-01-23T15:46:51","modified_gmt":"2023-01-23T21:46:51","slug":"gobernador-confirma-ajuste-de-cuentas-en-balacera-que-dejo-seis-muertos-en-veracruz","status":"publish","type":"post","link":"https:\/\/nvnoticias.mx\/index.php\/2023\/01\/23\/gobernador-confirma-ajuste-de-cuentas-en-balacera-que-dejo-seis-muertos-en-veracruz\/","title":{"rendered":"Gobernador confirma ajuste de cuentas en balacera que dej\u00f3 seis muertos en Veracruz"},"content":{"rendered":"\n<p><strong>Redacci\u00f3n \/ Jes\u00fas Utrilla | NV Noticias<\/strong><\/p>\n\n\n\n<p>El Gobernador del Estado, Cuitl\u00e1huac Garc\u00eda Jim\u00e9nez, ofreci\u00f3 una conferencia de prensa este lunes en el WTC de boca del R\u00edo, donde confirm\u00f3 que el hecho registrado este domingo donde murieron seis personas, entre ellos dos menores, se trat\u00f3 de un ajuste de cuentas entre dos bandas del crimen organizado.<\/p>\n\n\n\n<p>Como ya anteriormente en redes sociales el mandatario estatal lo hab\u00eda dado a conocer, se trata de un jefe de plaza y generador de violencia en la zona norte del estado de Veracruz, conocido como \u201cEl Pino\u201d, quien muriera despu\u00e9s de ser agredido a balazos cuando circulaba en un taxi sobre la carretera Veracruz-Xalapa.<\/p>\n\n\n\n<p>Dijo que buscaba escapar  y m\u00e1s adelante donde acribillaron a la familia, fue alcanzado.<\/p>\n\n\n\n<blockquote class=\"wp-block-quote is-layout-flow wp-block-quote-is-layout-flow\"><p>\u201c<em>Se confirma que la presunta v\u00edctima corresponde al Pino e iba en el taxi. Lo va a confirmar todo la Fiscal\u00eda General del Estado, pues tiene que proceder conforme a derecho y con hechos comprobados. Se va a poner todo ante un juez y se deben tener las pruebas periciales y cient\u00edficas de su identificaci\u00f3n. Pero la presunci\u00f3n la confirmamos, era \u00e9l y estaba en el taxi<\/em>\u201d.<\/p><\/blockquote>\n\n\n\n<p>Record\u00f3 que este personaje es investigado por hechos que se han suscitado entre el municipio de Espinal y Poza Rica al norte de esta entidad, y donde ya hab\u00eda carpetas abiertas por parte de la Fiscal\u00eda General del Estado.<\/p>\n\n\n\n<p>Cuitl\u00e1huac Garc\u00eda neg\u00f3 que &#8220;El Pino&#8221; haya tenido relaci\u00f3n con el partido Morena y con \u00e9l, se\u00f1al\u00f3 que se encontraron en un evento, pero solo qued\u00f3 en el saludo y la foto. <\/p>\n\n\n\n<blockquote class=\"wp-block-quote is-layout-flow wp-block-quote-is-layout-flow\"><p>\u201c<em>Esa fotograf\u00eda fue en 2020, me parece pero no fue candidato nuestro, buscaba postularse en 2021 pero no fue admitido en el movimiento y encontr\u00f3 cabida en Fuerza por M\u00e9xico. Pero si se comete un il\u00edcito debe castigarse, no se va a suavizar la ley. La gente se acerca y me pide fotos, no me puedo poner chocante y grosero, soy un personaje p\u00fablico y quiz\u00e1 se acerc\u00f3 buscando cabida pero el partido dijo que no<\/em>\u201d.<\/p><\/blockquote>\n\n\n\n<p>Rechaz\u00f3 que elementos for\u00e1neos llegar\u00e1n a reforzar la seguridad, por el contrario se acord\u00f3 con los alcaldes de Veracruz y Boca del R\u00edo, Patricia Lobeira Rodr\u00edguez y Juan Manuel de Unanue Abascal, respectivamente, mantener la coordinaci\u00f3n, incluso la Marina ya estaba atendiendo los hechos el d\u00eda que sucedieron.<\/p>\n\n\n\n<p>Lament\u00f3 que este caso haya traspasado hasta agredir a la propia familia y en este caso menores de edad, quienes perdieron la vida en este suceso violento ocurrido en la zona de las bajadas del municipio porte\u00f1o.<\/p>\n","protected":false},"excerpt":{"rendered":"<p>Redacci\u00f3n \/ Jes\u00fas Utrilla | NV Noticias El Gobernador del Estado, Cuitl\u00e1huac Garc\u00eda Jim\u00e9nez, ofreci\u00f3 una conferencia de prensa este lunes en el WTC de boca del R\u00edo, donde confirm\u00f3 que el hecho registrado este domingo donde murieron seis personas, entre ellos dos menores, se trat\u00f3 de un ajuste de cuentas entre dos bandas del [&hellip;]<\/p>\n","protected":false},"author":8,"featured_media":91395,"comment_status":"open","ping_status":"open","sticky":false,"template":"","format":"standard","meta":{"_monsterinsights_skip_tracking":false,"_monsterinsights_sitenote_active":false,"_monsterinsights_sitenote_note":"","_monsterinsights_sitenote_category":0,"footnotes":""},"categories":[154],"tags":[6574,965,162],"class_list":["post-91394","post","type-post","status-publish","format-standard","has-post-thumbnail","hentry","category-veracruz","tag-balacera","tag-cuitlahuac-garcia-jimenez","tag-portada","wp-image-borders"],"amp_enabled":true,"_links":{"self":[{"href":"https:\/\/nvnoticias.mx\/index.php\/wp-json\/wp\/v2\/posts\/91394","targetHints":{"allow":["GET"]}}],"collection":[{"href":"https:\/\/nvnoticias.mx\/index.php\/wp-json\/wp\/v2\/posts"}],"about":[{"href":"https:\/\/nvnoticias.mx\/index.php\/wp-json\/wp\/v2\/types\/post"}],"author":[{"embeddable":true,"href":"https:\/\/nvnoticias.mx\/index.php\/wp-json\/wp\/v2\/users\/8"}],"replies":[{"embeddable":true,"href":"https:\/\/nvnoticias.mx\/index.php\/wp-json\/wp\/v2\/comments?post=91394"}],"version-history":[{"count":3,"href":"https:\/\/nvnoticias.mx\/index.php\/wp-json\/wp\/v2\/posts\/91394\/revisions"}],"predecessor-version":[{"id":91421,"href":"https:\/\/nvnoticias.mx\/index.php\/wp-json\/wp\/v2\/posts\/91394\/revisions\/91421"}],"wp:featuredmedia":[{"embeddable":true,"href":"https:\/\/nvnoticias.mx\/index.php\/wp-json\/wp\/v2\/media\/91395"}],"wp:attachment":[{"href":"https:\/\/nvnoticias.mx\/index.php\/wp-json\/wp\/v2\/media?parent=91394"}],"wp:term":[{"taxonomy":"category","embeddable":true,"href":"https:\/\/nvnoticias.mx\/index.php\/wp-json\/wp\/v2\/categories?post=91394"},{"taxonomy":"post_tag","embeddable":true,"href":"https:\/\/nvnoticias.mx\/index.php\/wp-json\/wp\/v2\/tags?post=91394"}],"curies":[{"name":"wp","href":"https:\/\/api.w.org\/{rel}","templated":true}]}}