{"id":91391,"date":"2023-01-23T14:18:14","date_gmt":"2023-01-23T20:18:14","guid":{"rendered":"https:\/\/nvnoticias.mx\/?p=91391"},"modified":"2023-01-23T14:18:16","modified_gmt":"2023-01-23T20:18:16","slug":"carlos-gullit-pena-jugara-en-los-emiratos-arabes-con-el-al-dhaid","status":"publish","type":"post","link":"https:\/\/nvnoticias.mx\/index.php\/2023\/01\/23\/carlos-gullit-pena-jugara-en-los-emiratos-arabes-con-el-al-dhaid\/","title":{"rendered":"Carlos \u2018Gullit\u2019 Pe\u00f1a jugar\u00e1 en los Emiratos \u00c1rabes con el Al Dhaid"},"content":{"rendered":"\n<p>El futbolista mexicano Carlos \u2018Gullit\u2019 Pe\u00f1a continuar\u00e1 su carrera futbol\u00edstica en los Emiratos \u00c1rabes Unidos con el equipo Al Dhaid de la primera divisi\u00f3n.<\/p>\n\n\n\n<p>Ya se conoc\u00eda la\u00a0<u>intenci\u00f3n del jugador de cambiar de aires en su carrera y jugar en los pa\u00edses \u00e1rabes<\/u>\u00a0y tras algunas pl\u00e1ticas en las \u00faltimas semanas, la contrataci\u00f3n es un hecho.<\/p>\n\n\n\n<blockquote class=\"wp-block-quote is-layout-flow wp-block-quote-is-layout-flow\"><p>\u201c<em>Muy feliz de estar en este maravilloso pa\u00eds con visita con el presidente Eisa Hilal del Consejo del Deporte Sharjar, gracias a mi gente<\/em>\u201d, escribi\u00f3 el jugador en la publicaci\u00f3n de Instagram donde aparece con una playera del equipo con el n\u00famero 5 y su nombre impreso en la espalda.<\/p><\/blockquote>\n\n\n\n<iframe loading=\"lazy\" src=\"https:\/\/www.facebook.com\/plugins\/post.php?href=https%3A%2F%2Fwww.facebook.com%2Felgullit%2Fposts%2Fpfbid02eNaeEm7LsyL8cusWz9GvsuvkhVDsfunPUQCjFiX8VNif839V9VL1WQWvzkJinXhMl&#038;show_text=true&#038;width=500\" width=\"500\" height=\"679\" style=\"border:none;overflow:hidden\" scrolling=\"no\" frameborder=\"0\" allowfullscreen=\"true\" allow=\"autoplay; clipboard-write; encrypted-media; picture-in-picture; web-share\"><\/iframe>\n\n\n\n<p>Despu\u00e9s de una estancia en el futbol de Honduras, el mexicano encontr\u00f3 destino en el futbol \u00e1rabe a donde reforzar\u00e1 al Al Dhaid .<\/p>\n\n\n\n<p>El mexicano hab\u00eda compartido hace algunos d\u00edas que se encontraba en el estadio del Al Dhaid, equipo que actualmente marcha en la octava posici\u00f3n de la clasificaci\u00f3n de los 17 inscritos en la competencia.<\/p>\n\n\n\n<p>Tras tres meses con el Vida de Honduras, donde particip\u00f3 en cuatro partidos, el mexicano se enfil\u00f3 a los Emiratos \u00c1rabes.<\/p>\n\n\n\n<p>Fuente: <a href=\"https:\/\/www.tudn.com\/futbol\/gullit-pena-jugara-en-los-emiratos-arabes-con-el-al-dhaid\">TUDN<\/a><\/p>\n","protected":false},"excerpt":{"rendered":"<p>El futbolista mexicano Carlos \u2018Gullit\u2019 Pe\u00f1a continuar\u00e1 su carrera futbol\u00edstica en los Emiratos \u00c1rabes Unidos con el equipo Al Dhaid de la primera divisi\u00f3n. Ya se conoc\u00eda la\u00a0intenci\u00f3n del jugador de cambiar de aires en su carrera y jugar en los pa\u00edses \u00e1rabes\u00a0y tras algunas pl\u00e1ticas en las \u00faltimas semanas, la contrataci\u00f3n es un hecho. [&hellip;]<\/p>\n","protected":false},"author":8,"featured_media":91392,"comment_status":"open","ping_status":"open","sticky":false,"template":"","format":"standard","meta":{"_monsterinsights_skip_tracking":false,"_monsterinsights_sitenote_active":false,"_monsterinsights_sitenote_note":"","_monsterinsights_sitenote_category":0,"footnotes":""},"categories":[159],"tags":[22763,22762,7444],"class_list":["post-91391","post","type-post","status-publish","format-standard","has-post-thumbnail","hentry","category-deportes","tag-al-dhaid","tag-carlos-gullit-pena","tag-emiratos-arabes-unidos","wp-image-borders"],"amp_enabled":true,"_links":{"self":[{"href":"https:\/\/nvnoticias.mx\/index.php\/wp-json\/wp\/v2\/posts\/91391","targetHints":{"allow":["GET"]}}],"collection":[{"href":"https:\/\/nvnoticias.mx\/index.php\/wp-json\/wp\/v2\/posts"}],"about":[{"href":"https:\/\/nvnoticias.mx\/index.php\/wp-json\/wp\/v2\/types\/post"}],"author":[{"embeddable":true,"href":"https:\/\/nvnoticias.mx\/index.php\/wp-json\/wp\/v2\/users\/8"}],"replies":[{"embeddable":true,"href":"https:\/\/nvnoticias.mx\/index.php\/wp-json\/wp\/v2\/comments?post=91391"}],"version-history":[{"count":1,"href":"https:\/\/nvnoticias.mx\/index.php\/wp-json\/wp\/v2\/posts\/91391\/revisions"}],"predecessor-version":[{"id":91393,"href":"https:\/\/nvnoticias.mx\/index.php\/wp-json\/wp\/v2\/posts\/91391\/revisions\/91393"}],"wp:featuredmedia":[{"embeddable":true,"href":"https:\/\/nvnoticias.mx\/index.php\/wp-json\/wp\/v2\/media\/91392"}],"wp:attachment":[{"href":"https:\/\/nvnoticias.mx\/index.php\/wp-json\/wp\/v2\/media?parent=91391"}],"wp:term":[{"taxonomy":"category","embeddable":true,"href":"https:\/\/nvnoticias.mx\/index.php\/wp-json\/wp\/v2\/categories?post=91391"},{"taxonomy":"post_tag","embeddable":true,"href":"https:\/\/nvnoticias.mx\/index.php\/wp-json\/wp\/v2\/tags?post=91391"}],"curies":[{"name":"wp","href":"https:\/\/api.w.org\/{rel}","templated":true}]}}