{"id":91332,"date":"2023-01-23T10:48:10","date_gmt":"2023-01-23T16:48:10","guid":{"rendered":"https:\/\/nvnoticias.mx\/?p=91332"},"modified":"2023-01-23T10:48:11","modified_gmt":"2023-01-23T16:48:11","slug":"trasladan-a-dani-alves-a-otra-carcel-de-barcelona","status":"publish","type":"post","link":"https:\/\/nvnoticias.mx\/index.php\/2023\/01\/23\/trasladan-a-dani-alves-a-otra-carcel-de-barcelona\/","title":{"rendered":"Trasladan a Dani Alves a otra c\u00e1rcel de Barcelona"},"content":{"rendered":"\n<p>El ex jugador del Barcelona,&nbsp;<strong>Dani Alves, ha sido trasladado al m\u00f3dulo de ingresos de la c\u00e1rcel Brians 2<\/strong>&nbsp;que cuenta con espacios menos masificados y m\u00e1s seguros, y en las pr\u00f3ximas horas el personal penitenciario le asignar\u00e1 una celda.<\/p>\n\n\n\n<p>Seg\u00fan han informado fuentes penitenciarias, el futbolista brasile\u00f1o permanec\u00eda en el m\u00f3dulo de ingresos de la c\u00e1rcel Brians 1 de Sant Esteve Sesrovires (Barcelona) desde el pasado viernes, cuando\u00a0una jueza de Barcelona decret\u00f3 su ingreso en prisi\u00f3n sin fianza,\u00a0acusado de violar a una joven en un ba\u00f1o de la discoteca Sutton de Barcelona la noche del pasado 30 de diciembre.<\/p>\n\n\n\n<p>La Secretar\u00eda de Medidas Penales del Departamento de Justicia de la Generalitat&nbsp;<strong>ha decidido hoy trasladarlo a Brians 2,<\/strong>&nbsp;donde conviven tanto presos ya condenados como preventivos, porque este recinto cuenta con m\u00f3dulos residenciales m\u00e1s peque\u00f1os que&nbsp;<strong>permiten garantizar mejor su seguridad y convivencia&nbsp;<\/strong>con el resto de internos.<\/p>\n\n\n\n<p>De hecho,&nbsp;<strong>los m\u00f3dulos de Brians 2 albergan a unos 80 internos,<\/strong>&nbsp;como promedio, mientras que en los de Brians 1 suelen convivir unos 200 presos.<\/p>\n\n\n\n<p>Una vez trasladado,&nbsp;<strong>se ha vuelto a ubicar al futbolista en el m\u00f3dulo de ingresos,&nbsp;<\/strong>donde lo visitar\u00e1n los profesionales del centro que deben decidir qu\u00e9 celda le asignan, una cuesti\u00f3n para la que no se tiene en cuenta el tipo de delito cometido.<\/p>\n\n\n\n<p><strong>Alves ha sido sometido a lo largo del fin de semana a los tr\u00e1mites habituales para un ingreso en prisi\u00f3n,<\/strong>&nbsp;fue cacheado y registradas sus pertenencias una vez comprobada su identidad por los trabajadores penitenciarios.<\/p>\n\n\n\n<p>Posteriormente, le visitaron los profesionales sanitarios y fue entrevistado por miembros del equipo de tratamiento que debe decidir en qu\u00e9 grupo de reclusos se incluye al interno.<\/p>\n\n\n\n<p>Fuente: <a href=\"https:\/\/www.milenio.com\/deportes\/extra-cancha\/dani-alves-es-trasladado-por-seguridad-a-otra-carcel-de-barcelona\" data-type=\"URL\" data-id=\"https:\/\/www.milenio.com\/deportes\/extra-cancha\/dani-alves-es-trasladado-por-seguridad-a-otra-carcel-de-barcelona\">Milenio<\/a><\/p>\n","protected":false},"excerpt":{"rendered":"<p>El ex jugador del Barcelona,&nbsp;Dani Alves, ha sido trasladado al m\u00f3dulo de ingresos de la c\u00e1rcel Brians 2&nbsp;que cuenta con espacios menos masificados y m\u00e1s seguros, y en las pr\u00f3ximas horas el personal penitenciario le asignar\u00e1 una celda. Seg\u00fan han informado fuentes penitenciarias, el futbolista brasile\u00f1o permanec\u00eda en el m\u00f3dulo de ingresos de la c\u00e1rcel [&hellip;]<\/p>\n","protected":false},"author":35,"featured_media":91026,"comment_status":"open","ping_status":"open","sticky":false,"template":"","format":"standard","meta":{"_monsterinsights_skip_tracking":false,"_monsterinsights_sitenote_active":false,"_monsterinsights_sitenote_note":"","_monsterinsights_sitenote_category":0,"footnotes":""},"categories":[159],"tags":[540,1869,17616,16461],"class_list":["post-91332","post","type-post","status-publish","format-standard","has-post-thumbnail","hentry","category-deportes","tag-barcelona","tag-carcel","tag-dani-alves","tag-trasladan","wp-image-borders"],"amp_enabled":true,"_links":{"self":[{"href":"https:\/\/nvnoticias.mx\/index.php\/wp-json\/wp\/v2\/posts\/91332","targetHints":{"allow":["GET"]}}],"collection":[{"href":"https:\/\/nvnoticias.mx\/index.php\/wp-json\/wp\/v2\/posts"}],"about":[{"href":"https:\/\/nvnoticias.mx\/index.php\/wp-json\/wp\/v2\/types\/post"}],"author":[{"embeddable":true,"href":"https:\/\/nvnoticias.mx\/index.php\/wp-json\/wp\/v2\/users\/35"}],"replies":[{"embeddable":true,"href":"https:\/\/nvnoticias.mx\/index.php\/wp-json\/wp\/v2\/comments?post=91332"}],"version-history":[{"count":4,"href":"https:\/\/nvnoticias.mx\/index.php\/wp-json\/wp\/v2\/posts\/91332\/revisions"}],"predecessor-version":[{"id":91336,"href":"https:\/\/nvnoticias.mx\/index.php\/wp-json\/wp\/v2\/posts\/91332\/revisions\/91336"}],"wp:featuredmedia":[{"embeddable":true,"href":"https:\/\/nvnoticias.mx\/index.php\/wp-json\/wp\/v2\/media\/91026"}],"wp:attachment":[{"href":"https:\/\/nvnoticias.mx\/index.php\/wp-json\/wp\/v2\/media?parent=91332"}],"wp:term":[{"taxonomy":"category","embeddable":true,"href":"https:\/\/nvnoticias.mx\/index.php\/wp-json\/wp\/v2\/categories?post=91332"},{"taxonomy":"post_tag","embeddable":true,"href":"https:\/\/nvnoticias.mx\/index.php\/wp-json\/wp\/v2\/tags?post=91332"}],"curies":[{"name":"wp","href":"https:\/\/api.w.org\/{rel}","templated":true}]}}