{"id":91312,"date":"2023-01-23T09:47:46","date_gmt":"2023-01-23T15:47:46","guid":{"rendered":"https:\/\/nvnoticias.mx\/?p=91312"},"modified":"2023-01-23T09:47:47","modified_gmt":"2023-01-23T15:47:47","slug":"manda-lilly-tellez-mensaje-al-fiscal-gertz-manero","status":"publish","type":"post","link":"https:\/\/nvnoticias.mx\/index.php\/2023\/01\/23\/manda-lilly-tellez-mensaje-al-fiscal-gertz-manero\/","title":{"rendered":"Manda Lilly T\u00e9llez mensaje al fiscal Gertz Manero"},"content":{"rendered":"\n<p>Ante el estado de salud de<strong>&nbsp;Alejandro Gertz Manero<\/strong>, titular de la Fiscal\u00eda General de la Rep\u00fablica (<strong>FGR<\/strong>), la senadora&nbsp;<strong>Lilly T\u00e9llez&nbsp;<\/strong>dese\u00f3 que se encuentre bien y le envi\u00f3 un mensaje como aspirante a la Presidencia de M\u00e9xico en 2024.&nbsp;<\/p>\n\n\n\n<p>A trav\u00e9s de redes sociales, la senadora del PAN declar\u00f3 que la permanencia de Gertz Manero en la FGR \u201ces un c\u00e1ncer para la instituci\u00f3n\u201d.\u00a0<\/p>\n\n\n\n<blockquote class=\"wp-block-quote is-layout-flow wp-block-quote-is-layout-flow\"><p><br>\u201cPor la salud de la justicia en M\u00e9xico, remover\u00e9 a Gertz de su cargo en el primer d\u00eda de mi gobierno\u201d, escribi\u00f3 la legisladora de Acci\u00f3n Nacional.<\/p><\/blockquote>\n\n\n\n<p>Fuente: <a href=\"https:\/\/www.eluniversal.com.mx\/nacion\/lilly-tellez-manda-mensaje-al-fiscal-gertz-manero-por-la-salud-de-la-justicia\" data-type=\"URL\" data-id=\"https:\/\/www.eluniversal.com.mx\/nacion\/lilly-tellez-manda-mensaje-al-fiscal-gertz-manero-por-la-salud-de-la-justicia\">Milenio<\/a> <\/p>\n","protected":false},"excerpt":{"rendered":"<p>Ante el estado de salud de&nbsp;Alejandro Gertz Manero, titular de la Fiscal\u00eda General de la Rep\u00fablica (FGR), la senadora&nbsp;Lilly T\u00e9llez&nbsp;dese\u00f3 que se encuentre bien y le envi\u00f3 un mensaje como aspirante a la Presidencia de M\u00e9xico en 2024.&nbsp; A trav\u00e9s de redes sociales, la senadora del PAN declar\u00f3 que la permanencia de Gertz Manero en [&hellip;]<\/p>\n","protected":false},"author":35,"featured_media":58512,"comment_status":"open","ping_status":"open","sticky":false,"template":"","format":"standard","meta":{"_monsterinsights_skip_tracking":false,"_monsterinsights_sitenote_active":false,"_monsterinsights_sitenote_note":"","_monsterinsights_sitenote_category":0,"footnotes":""},"categories":[158],"tags":[11825,745,15387,7606],"class_list":["post-91312","post","type-post","status-publish","format-standard","has-post-thumbnail","hentry","category-politica","tag-gertz-manero","tag-lilly-tellez","tag-manda","tag-mensaje","wp-image-borders"],"amp_enabled":true,"_links":{"self":[{"href":"https:\/\/nvnoticias.mx\/index.php\/wp-json\/wp\/v2\/posts\/91312","targetHints":{"allow":["GET"]}}],"collection":[{"href":"https:\/\/nvnoticias.mx\/index.php\/wp-json\/wp\/v2\/posts"}],"about":[{"href":"https:\/\/nvnoticias.mx\/index.php\/wp-json\/wp\/v2\/types\/post"}],"author":[{"embeddable":true,"href":"https:\/\/nvnoticias.mx\/index.php\/wp-json\/wp\/v2\/users\/35"}],"replies":[{"embeddable":true,"href":"https:\/\/nvnoticias.mx\/index.php\/wp-json\/wp\/v2\/comments?post=91312"}],"version-history":[{"count":3,"href":"https:\/\/nvnoticias.mx\/index.php\/wp-json\/wp\/v2\/posts\/91312\/revisions"}],"predecessor-version":[{"id":91315,"href":"https:\/\/nvnoticias.mx\/index.php\/wp-json\/wp\/v2\/posts\/91312\/revisions\/91315"}],"wp:featuredmedia":[{"embeddable":true,"href":"https:\/\/nvnoticias.mx\/index.php\/wp-json\/wp\/v2\/media\/58512"}],"wp:attachment":[{"href":"https:\/\/nvnoticias.mx\/index.php\/wp-json\/wp\/v2\/media?parent=91312"}],"wp:term":[{"taxonomy":"category","embeddable":true,"href":"https:\/\/nvnoticias.mx\/index.php\/wp-json\/wp\/v2\/categories?post=91312"},{"taxonomy":"post_tag","embeddable":true,"href":"https:\/\/nvnoticias.mx\/index.php\/wp-json\/wp\/v2\/tags?post=91312"}],"curies":[{"name":"wp","href":"https:\/\/api.w.org\/{rel}","templated":true}]}}