{"id":91274,"date":"2023-01-22T19:16:45","date_gmt":"2023-01-23T01:16:45","guid":{"rendered":"https:\/\/nvnoticias.mx\/?p=91274"},"modified":"2023-01-22T19:16:46","modified_gmt":"2023-01-23T01:16:46","slug":"va-fuerza-por-mexico-por-un-crecimiento-al-3x3-en-2024","status":"publish","type":"post","link":"https:\/\/nvnoticias.mx\/index.php\/2023\/01\/22\/va-fuerza-por-mexico-por-un-crecimiento-al-3x3-en-2024\/","title":{"rendered":"Va fuerza Por M\u00e9xico por un crecimiento al 3&#215;3 en 2024"},"content":{"rendered":"\n<p><strong>Jes\u00fas Utrilla | NV Noticias<\/strong><\/p>\n\n\n\n<p>Porque Fuerza Por M\u00e9xico es partido \u201ccon mucha identidad, con mucha entrega, solidaridad y lealtad hacia quienes nos representan en los municipios\u201d, el dirigente nacional de ese instituto pol\u00edtico Gerardo Islas Maldonado llamo a los y las Veracruzanas a impulsar un crecimiento y sobre todo, el fortalecimiento de la unidad interna para concretar la meta de crecer al 3 por 3 en 2024, aperturando espacios a los hombres, las mujeres y los j\u00f3venes de todos los sectores.<\/p>\n\n\n\n<p>Ante representantes de todo el pa\u00eds en el marco del Primer Encuentro Nacional de Fuerza por M\u00e9xico que encabezar\u00e1 en este puerto acompa\u00f1ado del dirigente estatal, Eduardo Vega Yunes y del Coordinador estatal de Vinculaci\u00f3n y coordinador distrital, Mario L\u00f3pez de Escalera as\u00ed como de diputados, alcaldes y regidores electos bajo la bandera del llamado partido Rosa, Gerardo Islas Maldonado dej\u00f3 en claro que el compromiso de este instituto es fomentar e impulsar la nueva pol\u00edtica nacional, en d\u00f3nde todos tengan el espacio que se merecen y la oportunidad de participar en busca de las representaciones de elecci\u00f3n popular.<\/p>\n\n\n\n<p>Ante un sal\u00f3n repleto de militantes y simpatizantes, Islas Maldonado insisti\u00f3 en el llamado a las autoridades a investigar a fondo el homicidio del Presidente Municipal de Rafael Delgado, Isauro Ambrosio Topohua, a fin de deslindar responsabilidades y llamo el gobernador a no hacer juicios a priori, \u201cque la Fiscal General del Estado haga su trabajo, investigue y castigue a los culpables\u201d, se\u00f1al\u00f3, tras reconocer a los ediles de ese municipio que \u2018arroparon\u2019 a la regidora Alejandra Enr\u00edquez para asumir la responsabilidad en sustituci\u00f3n del finado edil.<\/p>\n\n\n\n<p>En su oportunidad, el dirigente estatal de Fuerza Por M\u00e9xico, Eduardo Vega Yunes dijo que el esfuerzo de este partido por posicionarse como la fuerza pol\u00edtica de mayor consolidaci\u00f3n y avance en el estado \u201cy en otros estados del pa\u00eds, representa un nuevo panorama para muchos ciudadanos que buscan espacios reales y oportunidades de participar como solo nosotros podemos darles, d\u00f3nde no caben las viejas pr\u00e1cticas ni la discriminaci\u00f3n, d\u00f3nde son las bases las que realmente deciden y marcan el camino que habremos de seguir\u201d se\u00f1al\u00f3.<\/p>\n\n\n\n<p>Gerardo Islas Maldonado dijo que para 2024 Fuerza Por M\u00e9xico a\u00fan analiza los escenarios sobre si podr\u00eda o no ir en alianza con otros partidos, \u201clo importante es consolidar nuestro crecimiento, sostener el avance que hemos tenido en muchas regiones de M\u00e9xico y sobre todo, analizar el perfil de cada candidato para poder entonces tomar la mejor decisi\u00f3n\u201d.<\/p>\n","protected":false},"excerpt":{"rendered":"<p>Jes\u00fas Utrilla | NV Noticias Porque Fuerza Por M\u00e9xico es partido \u201ccon mucha identidad, con mucha entrega, solidaridad y lealtad hacia quienes nos representan en los municipios\u201d, el dirigente nacional de ese instituto pol\u00edtico Gerardo Islas Maldonado llamo a los y las Veracruzanas a impulsar un crecimiento y sobre todo, el fortalecimiento de la unidad [&hellip;]<\/p>\n","protected":false},"author":35,"featured_media":91275,"comment_status":"open","ping_status":"open","sticky":false,"template":"","format":"standard","meta":{"_monsterinsights_skip_tracking":false,"_monsterinsights_sitenote_active":false,"_monsterinsights_sitenote_note":"","_monsterinsights_sitenote_category":0,"footnotes":""},"categories":[154],"tags":[2699,2840,162],"class_list":["post-91274","post","type-post","status-publish","format-standard","has-post-thumbnail","hentry","category-veracruz","tag-crecimiento","tag-fuerza-por-mexico","tag-portada","wp-image-borders"],"amp_enabled":true,"_links":{"self":[{"href":"https:\/\/nvnoticias.mx\/index.php\/wp-json\/wp\/v2\/posts\/91274","targetHints":{"allow":["GET"]}}],"collection":[{"href":"https:\/\/nvnoticias.mx\/index.php\/wp-json\/wp\/v2\/posts"}],"about":[{"href":"https:\/\/nvnoticias.mx\/index.php\/wp-json\/wp\/v2\/types\/post"}],"author":[{"embeddable":true,"href":"https:\/\/nvnoticias.mx\/index.php\/wp-json\/wp\/v2\/users\/35"}],"replies":[{"embeddable":true,"href":"https:\/\/nvnoticias.mx\/index.php\/wp-json\/wp\/v2\/comments?post=91274"}],"version-history":[{"count":1,"href":"https:\/\/nvnoticias.mx\/index.php\/wp-json\/wp\/v2\/posts\/91274\/revisions"}],"predecessor-version":[{"id":91276,"href":"https:\/\/nvnoticias.mx\/index.php\/wp-json\/wp\/v2\/posts\/91274\/revisions\/91276"}],"wp:featuredmedia":[{"embeddable":true,"href":"https:\/\/nvnoticias.mx\/index.php\/wp-json\/wp\/v2\/media\/91275"}],"wp:attachment":[{"href":"https:\/\/nvnoticias.mx\/index.php\/wp-json\/wp\/v2\/media?parent=91274"}],"wp:term":[{"taxonomy":"category","embeddable":true,"href":"https:\/\/nvnoticias.mx\/index.php\/wp-json\/wp\/v2\/categories?post=91274"},{"taxonomy":"post_tag","embeddable":true,"href":"https:\/\/nvnoticias.mx\/index.php\/wp-json\/wp\/v2\/tags?post=91274"}],"curies":[{"name":"wp","href":"https:\/\/api.w.org\/{rel}","templated":true}]}}