{"id":91235,"date":"2023-01-22T12:17:20","date_gmt":"2023-01-22T18:17:20","guid":{"rendered":"https:\/\/nvnoticias.mx\/?p=91235"},"modified":"2023-01-22T12:17:22","modified_gmt":"2023-01-22T18:17:22","slug":"el-15-de-febrero-inicia-registro-para-el-servicio-militar-nacional","status":"publish","type":"post","link":"https:\/\/nvnoticias.mx\/index.php\/2023\/01\/22\/el-15-de-febrero-inicia-registro-para-el-servicio-militar-nacional\/","title":{"rendered":"El 15 de febrero inicia registro para el Servicio Militar Nacional"},"content":{"rendered":"\n<p><strong>Jes\u00fas Utrilla | NV Noticias <\/strong><\/p>\n\n\n\n<p>El 15 de febrero comienza el registro de la clase 2005 para la realizaci\u00f3n del Servicio Militar Nacional.<\/p>\n\n\n\n<p>Raziel Vela Izazaga, director de Gobernaci\u00f3n de Boca del R\u00edo, dijo que en el caso de los j\u00f3venes que se encuentren como remisos, es decir, que no hayan realizado el tr\u00e1mite cuando les correspond\u00eda, necesitan la copia del INE y la constancia de no registro del Servicio Militar.<\/p>\n\n\n\n<p>Los interesados tambi\u00e9n necesitan acta de nacimiento no mayor a 3 meses, 5 fotograf\u00edas papel mate cuadradas de 35&#215;45 mil\u00edmetro, comprobante del domicilio actual, comprobante de estudios, Curp.<\/p>\n\n\n\n<blockquote class=\"wp-block-quote is-layout-flow wp-block-quote-is-layout-flow\"><p>\u201cHay muchos j\u00f3venes que lo hacen para a completar requisitos de algunas otras dependencias y en algunos casos dependencias de seguridad les solicitan el servicio militar\u201d.<\/p><\/blockquote>\n\n\n\n<p>Los documentos se recibir\u00e1n en la oficina de Gobernaci\u00f3n del Ayuntamiento de Boca del R\u00edo de lunes a viernes de 9:00 a 3:00 de la tarde y la convocatoria estar\u00e1 abierta hasta el 15 de octubre.<\/p>\n\n\n\n<blockquote class=\"wp-block-quote is-layout-flow wp-block-quote-is-layout-flow\"><p>\u201cIncluso ya pueden realizarlo de manera m\u00e1s r\u00e1pida que el formato que ya existe, pueden pasar 3 meses dentro de las instalaciones de la Sedena y en ese periodo ellos pueden completar el servicio completo del a\u00f1o que corresponde\u201d.<\/p><\/blockquote>\n\n\n\n<p>Afirm\u00f3 que creci\u00f3 el inter\u00e9s por realizar el Servicio Militar Nacional, entre hombres y mujeres. Tan solo el a\u00f1o pasado se registraron 4 mujeres debido al inter\u00e9s por aprender de la educaci\u00f3n castrense.<\/p>\n","protected":false},"excerpt":{"rendered":"<p>Jes\u00fas Utrilla | NV Noticias El 15 de febrero comienza el registro de la clase 2005 para la realizaci\u00f3n del Servicio Militar Nacional. Raziel Vela Izazaga, director de Gobernaci\u00f3n de Boca del R\u00edo, dijo que en el caso de los j\u00f3venes que se encuentren como remisos, es decir, que no hayan realizado el tr\u00e1mite cuando [&hellip;]<\/p>\n","protected":false},"author":35,"featured_media":80168,"comment_status":"open","ping_status":"open","sticky":false,"template":"","format":"standard","meta":{"_monsterinsights_skip_tracking":false,"_monsterinsights_sitenote_active":false,"_monsterinsights_sitenote_note":"","_monsterinsights_sitenote_category":0,"footnotes":""},"categories":[154],"tags":[9065,2640,22733],"class_list":["post-91235","post","type-post","status-publish","format-standard","has-post-thumbnail","hentry","category-veracruz","tag-inicia","tag-registro","tag-servicio-militar-nacional","wp-image-borders"],"amp_enabled":true,"_links":{"self":[{"href":"https:\/\/nvnoticias.mx\/index.php\/wp-json\/wp\/v2\/posts\/91235","targetHints":{"allow":["GET"]}}],"collection":[{"href":"https:\/\/nvnoticias.mx\/index.php\/wp-json\/wp\/v2\/posts"}],"about":[{"href":"https:\/\/nvnoticias.mx\/index.php\/wp-json\/wp\/v2\/types\/post"}],"author":[{"embeddable":true,"href":"https:\/\/nvnoticias.mx\/index.php\/wp-json\/wp\/v2\/users\/35"}],"replies":[{"embeddable":true,"href":"https:\/\/nvnoticias.mx\/index.php\/wp-json\/wp\/v2\/comments?post=91235"}],"version-history":[{"count":1,"href":"https:\/\/nvnoticias.mx\/index.php\/wp-json\/wp\/v2\/posts\/91235\/revisions"}],"predecessor-version":[{"id":91236,"href":"https:\/\/nvnoticias.mx\/index.php\/wp-json\/wp\/v2\/posts\/91235\/revisions\/91236"}],"wp:featuredmedia":[{"embeddable":true,"href":"https:\/\/nvnoticias.mx\/index.php\/wp-json\/wp\/v2\/media\/80168"}],"wp:attachment":[{"href":"https:\/\/nvnoticias.mx\/index.php\/wp-json\/wp\/v2\/media?parent=91235"}],"wp:term":[{"taxonomy":"category","embeddable":true,"href":"https:\/\/nvnoticias.mx\/index.php\/wp-json\/wp\/v2\/categories?post=91235"},{"taxonomy":"post_tag","embeddable":true,"href":"https:\/\/nvnoticias.mx\/index.php\/wp-json\/wp\/v2\/tags?post=91235"}],"curies":[{"name":"wp","href":"https:\/\/api.w.org\/{rel}","templated":true}]}}