{"id":91166,"date":"2023-01-21T20:17:00","date_gmt":"2023-01-22T02:17:00","guid":{"rendered":"https:\/\/nvnoticias.mx\/?p=91166"},"modified":"2023-01-21T22:21:17","modified_gmt":"2023-01-22T04:21:17","slug":"jeremy-renner-esta-tomando-rehabilitacion-tras-romperse-30-huesos","status":"publish","type":"post","link":"https:\/\/nvnoticias.mx\/index.php\/2023\/01\/21\/jeremy-renner-esta-tomando-rehabilitacion-tras-romperse-30-huesos\/","title":{"rendered":"Jeremy Renner est\u00e1 tomando rehabilitaci\u00f3n tras romperse 30 huesos"},"content":{"rendered":"\n<p>Tras el fuerte accidente que sufri\u00f3\u00a0Jeremy Renner\u00a0con una quitanieve, el actor de\u00a0Avengers\u00a0comparti\u00f3 con sus seguidores c\u00f3mo se encuentra\u00a0<strong>despu\u00e9s de que hace unos d\u00edas sali\u00f3 del hospital, lugar en el que estuvo dos semanas.<\/strong><\/p>\n\n\n\n<p>El famoso comparti\u00f3 en sus redes sociales una foto en donde se ve al actor en\u00a0<strong>una cama mientras otra persona sostiene su pierna, esto como parte de las rehabilitaciones<\/strong>\u00a0que est\u00e1 tomando despu\u00e9s de que el quitanieve lo atropellara y tuviera que ir de emergencia al hospital.<\/p>\n\n\n\n<p>En la descripci\u00f3n de la imagen, Jeremy Renner escribi\u00f3 que se est\u00e1 recuperando&nbsp;<strong>del accidente que tuvo en diciembre del 2022, el cual le dej\u00f3 30 huesos rotos.<\/strong><\/p>\n\n\n\n<blockquote class=\"wp-block-quote is-layout-flow wp-block-quote-is-layout-flow\"><p>\u201cQuiero agradecer a todos por sus mensajes y consideraci\u00f3n. Mucho amor y aprecio para todos ustedes. Estos m\u00e1s de 30 huesos rotos se reparar\u00e1n, se fortalecer\u00e1n, al igual que se profundiza el amor y el v\u00ednculo con la familia y los amigos\u201d.<\/p><\/blockquote>\n\n\n\n<figure class=\"wp-block-embed aligncenter is-type-rich is-provider-twitter wp-block-embed-twitter\"><div class=\"wp-block-embed__wrapper\">\n<blockquote class=\"twitter-tweet\" data-width=\"550\" data-dnt=\"true\"><p lang=\"en\" dir=\"ltr\">I want to thank EVERYONE for their messages and thoughtfulness. Much love and appreciation to you all.  These 30 plus broken bones will mend , grow stronger, just like the love and bond with family and friends deepens <a href=\"https:\/\/t.co\/kzj2CLYdXA\">pic.twitter.com\/kzj2CLYdXA<\/a><\/p>&mdash; Jeremy Renner (@JeremyRenner) <a href=\"https:\/\/twitter.com\/JeremyRenner\/status\/1616816366417514496?ref_src=twsrc%5Etfw\">January 21, 2023<\/a><\/blockquote><script async src=\"https:\/\/platform.twitter.com\/widgets.js\" charset=\"utf-8\"><\/script>\n<\/div><\/figure>\n\n\n\n<p>Hasta ahora el int\u00e9rprete de Hawkeye no ha dado m\u00e1s detalles y tampoco se sabe con exactitud&nbsp;<strong>c\u00f3mo sucedi\u00f3 el accidente por el que Jeremy Renner termin\u00f3 en el nosocomio,<\/strong>&nbsp;sin embargo, antes&nbsp; del incidente se mencion\u00f3 que el actor estaba ayudando a un conocido.<\/p>\n\n\n\n<h2 class=\"wp-block-heading\"><strong>El accidente de Jeremy Renner<\/strong><\/h2>\n\n\n\n<p>Fue a finales del 2022 cuando se dio a conocer que el actor hab\u00eda tenido\u00a0<strong>un grave accidente con una m\u00e1quina quitanieve que lo atropell\u00f3,<\/strong>\u00a0esto despu\u00e9s de que el famoso ayudara a un conocido que se le qued\u00f3 el auto atorado en la nieve.<\/p>\n\n\n\n<p>Tras el accidente, un vecino del actor le dio los primeros auxilios y de inmediato lo trasladaron al&nbsp;<strong>hospital en donde fue sometido a<\/strong>&nbsp;<strong>varias cirug\u00edas por traumatismo tor\u00e1cico y lesiones ortop\u00e9dicas.<\/strong><\/p>\n\n\n\n<p>Unas fuentes aseguraron a\u00a0Radar Online\u00a0que la recuperaci\u00f3n del actor podr\u00eda tardar a\u00f1os,\u00a0<strong>ya que es probable que sea intervenido quir\u00fargicamente de nuevo.<\/strong><\/p>\n\n\n\n<p>Fuente: <a href=\"https:\/\/www.milenio.com\/espectaculos\/famosos\/jeremy-renner-rompio-treinta-huesos-accidente\">Milenio<\/a><\/p>\n","protected":false},"excerpt":{"rendered":"<p>Tras el fuerte accidente que sufri\u00f3\u00a0Jeremy Renner\u00a0con una quitanieve, el actor de\u00a0Avengers\u00a0comparti\u00f3 con sus seguidores c\u00f3mo se encuentra\u00a0despu\u00e9s de que hace unos d\u00edas sali\u00f3 del hospital, lugar en el que estuvo dos semanas. El famoso comparti\u00f3 en sus redes sociales una foto en donde se ve al actor en\u00a0una cama mientras otra persona sostiene su [&hellip;]<\/p>\n","protected":false},"author":7,"featured_media":91168,"comment_status":"open","ping_status":"open","sticky":false,"template":"","format":"standard","meta":{"_monsterinsights_skip_tracking":false,"_monsterinsights_sitenote_active":false,"_monsterinsights_sitenote_note":"","_monsterinsights_sitenote_category":0,"footnotes":""},"categories":[576],"tags":[22717,1550,22718,22253,367,9641],"class_list":["post-91166","post","type-post","status-publish","format-standard","has-post-thumbnail","hentry","category-ocio","tag-30-huesos","tag-accidente","tag-huesos-rotos","tag-jeremy-renner","tag-rehabilitacion","tag-rotos","wp-image-borders"],"amp_enabled":true,"_links":{"self":[{"href":"https:\/\/nvnoticias.mx\/index.php\/wp-json\/wp\/v2\/posts\/91166","targetHints":{"allow":["GET"]}}],"collection":[{"href":"https:\/\/nvnoticias.mx\/index.php\/wp-json\/wp\/v2\/posts"}],"about":[{"href":"https:\/\/nvnoticias.mx\/index.php\/wp-json\/wp\/v2\/types\/post"}],"author":[{"embeddable":true,"href":"https:\/\/nvnoticias.mx\/index.php\/wp-json\/wp\/v2\/users\/7"}],"replies":[{"embeddable":true,"href":"https:\/\/nvnoticias.mx\/index.php\/wp-json\/wp\/v2\/comments?post=91166"}],"version-history":[{"count":1,"href":"https:\/\/nvnoticias.mx\/index.php\/wp-json\/wp\/v2\/posts\/91166\/revisions"}],"predecessor-version":[{"id":91169,"href":"https:\/\/nvnoticias.mx\/index.php\/wp-json\/wp\/v2\/posts\/91166\/revisions\/91169"}],"wp:featuredmedia":[{"embeddable":true,"href":"https:\/\/nvnoticias.mx\/index.php\/wp-json\/wp\/v2\/media\/91168"}],"wp:attachment":[{"href":"https:\/\/nvnoticias.mx\/index.php\/wp-json\/wp\/v2\/media?parent=91166"}],"wp:term":[{"taxonomy":"category","embeddable":true,"href":"https:\/\/nvnoticias.mx\/index.php\/wp-json\/wp\/v2\/categories?post=91166"},{"taxonomy":"post_tag","embeddable":true,"href":"https:\/\/nvnoticias.mx\/index.php\/wp-json\/wp\/v2\/tags?post=91166"}],"curies":[{"name":"wp","href":"https:\/\/api.w.org\/{rel}","templated":true}]}}