{"id":91122,"date":"2023-01-21T13:45:23","date_gmt":"2023-01-21T19:45:23","guid":{"rendered":"https:\/\/nvnoticias.mx\/?p=91122"},"modified":"2023-01-21T13:45:23","modified_gmt":"2023-01-21T19:45:23","slug":"festejan-a-san-sebastian-con-procesion-en-bahia-y-centro-de-veracruz","status":"publish","type":"post","link":"https:\/\/nvnoticias.mx\/index.php\/2023\/01\/21\/festejan-a-san-sebastian-con-procesion-en-bahia-y-centro-de-veracruz\/","title":{"rendered":"Festejan a San Sebasti\u00e1n con procesi\u00f3n en bah\u00eda y centro de Veracruz"},"content":{"rendered":"\n<p><strong>Jes\u00fas Utrilla | NV Noticias<\/strong><\/p>\n\n\n\n<p>Como parte de los festejos, en honor a San Sebasti\u00e1n, se llev\u00f3 a cabo un paseo en lancha por la bah\u00eda\u00a0 de Veracruz, a la cual asistieron turistas, residentes, autoridades municipales, autoridades eclesi\u00e1sticas y creyentes en general.<\/p>\n\n\n\n<p>San Sebasti\u00e1n es el patrono de la ciudad de Veracruz y a la procesi\u00f3n tambi\u00e9n acudieron pescadores, quienes dispusieron de sus embarcaciones para festejar al santo.<\/p>\n\n\n\n<p>La procesi\u00f3n fue en mar y luego en tierra y fue encabezada por el obispo de la Di\u00f3cesis Veracruz, Carlos Brise\u00f1o Arch, quien estuvo acompa\u00f1ado de la alcaldesa Patricia Lobeira Rodr\u00edguez.<\/p>\n\n\n\n<blockquote class=\"wp-block-quote is-layout-flow wp-block-quote-is-layout-flow\"><p>\u201cEste santo fue un militar romano que se caracteriz\u00f3 por ayudar a todos, incluso a los que estaban presos, por eso fue mal visto por el emperador y todos los que le rodeaban, por eso tambi\u00e9n es patr\u00f3n de todos los servidores p\u00fablicos, de todas las personas que se dedican a proteger la vida de los dem\u00e1s\u201d.<\/p><\/blockquote>\n\n\n\n<p>La procesi\u00f3n en tierra lleg\u00f3 hasta la Catedral para continuar con los festejos.<\/p>\n\n\n\n<p>La presidenta municipal reiter\u00f3 el respaldo de su gobierno para continuar con este tipo de actividades durante toda su administraci\u00f3n para honrar al santo patrono de la ciudad de Veracruz.<\/p>\n\n\n\n<p>Habl\u00f3 de la importancia de preservar la identidad por medio de actividades culturales pero tambi\u00e9n religiosas.<\/p>\n\n\n\n<p>Durante la procesi\u00f3n en mar, las lanchas portaron la imagen de San Sebasti\u00e1n y tambi\u00e9n flores para honrarlo.<\/p>\n","protected":false},"excerpt":{"rendered":"<p>Jes\u00fas Utrilla | NV Noticias Como parte de los festejos, en honor a San Sebasti\u00e1n, se llev\u00f3 a cabo un paseo en lancha por la bah\u00eda\u00a0 de Veracruz, a la cual asistieron turistas, residentes, autoridades municipales, autoridades eclesi\u00e1sticas y creyentes en general. San Sebasti\u00e1n es el patrono de la ciudad de Veracruz y a la [&hellip;]<\/p>\n","protected":false},"author":7,"featured_media":91123,"comment_status":"open","ping_status":"open","sticky":false,"template":"","format":"standard","meta":{"_monsterinsights_skip_tracking":false,"_monsterinsights_sitenote_active":false,"_monsterinsights_sitenote_note":"","_monsterinsights_sitenote_category":0,"footnotes":""},"categories":[154],"tags":[3560,19209,375],"class_list":["post-91122","post","type-post","status-publish","format-standard","has-post-thumbnail","hentry","category-veracruz","tag-festejos","tag-procesion","tag-san-sebastian","wp-image-borders"],"amp_enabled":true,"_links":{"self":[{"href":"https:\/\/nvnoticias.mx\/index.php\/wp-json\/wp\/v2\/posts\/91122","targetHints":{"allow":["GET"]}}],"collection":[{"href":"https:\/\/nvnoticias.mx\/index.php\/wp-json\/wp\/v2\/posts"}],"about":[{"href":"https:\/\/nvnoticias.mx\/index.php\/wp-json\/wp\/v2\/types\/post"}],"author":[{"embeddable":true,"href":"https:\/\/nvnoticias.mx\/index.php\/wp-json\/wp\/v2\/users\/7"}],"replies":[{"embeddable":true,"href":"https:\/\/nvnoticias.mx\/index.php\/wp-json\/wp\/v2\/comments?post=91122"}],"version-history":[{"count":1,"href":"https:\/\/nvnoticias.mx\/index.php\/wp-json\/wp\/v2\/posts\/91122\/revisions"}],"predecessor-version":[{"id":91124,"href":"https:\/\/nvnoticias.mx\/index.php\/wp-json\/wp\/v2\/posts\/91122\/revisions\/91124"}],"wp:featuredmedia":[{"embeddable":true,"href":"https:\/\/nvnoticias.mx\/index.php\/wp-json\/wp\/v2\/media\/91123"}],"wp:attachment":[{"href":"https:\/\/nvnoticias.mx\/index.php\/wp-json\/wp\/v2\/media?parent=91122"}],"wp:term":[{"taxonomy":"category","embeddable":true,"href":"https:\/\/nvnoticias.mx\/index.php\/wp-json\/wp\/v2\/categories?post=91122"},{"taxonomy":"post_tag","embeddable":true,"href":"https:\/\/nvnoticias.mx\/index.php\/wp-json\/wp\/v2\/tags?post=91122"}],"curies":[{"name":"wp","href":"https:\/\/api.w.org\/{rel}","templated":true}]}}