{"id":91085,"date":"2023-01-20T16:33:36","date_gmt":"2023-01-20T22:33:36","guid":{"rendered":"https:\/\/nvnoticias.mx\/?p=91085"},"modified":"2023-01-20T16:33:37","modified_gmt":"2023-01-20T22:33:37","slug":"invita-ayuntamiento-a-la-proyeccion-de-cine-ambiental","status":"publish","type":"post","link":"https:\/\/nvnoticias.mx\/index.php\/2023\/01\/20\/invita-ayuntamiento-a-la-proyeccion-de-cine-ambiental\/","title":{"rendered":"Invita Ayuntamiento a la proyecci\u00f3n de Cine Ambiental"},"content":{"rendered":"\n<p>Xalapa, Ver.- En el marco del D\u00eda Mundial de la Educaci\u00f3n Ambiental, el Ayuntamiento, a trav\u00e9s de la Direcci\u00f3n de Medio Ambiente, invita a la poblaci\u00f3n a disfrutar del primer s\u00e1bado de \u201cCine Ambiental\u201d en bajos del Mirador del Cerro de Macuilt\u00e9petl, el 21 de enero a partir de las 11:00 horas.<\/p>\n\n\n\n<p>Durante este evento se proyectar\u00e1n pel\u00edculas, cortometrajes y documentales de \u00edndole ambiental para sensibilizar a la ciudadan\u00eda respecto de la problem\u00e1tica ambiental, as\u00ed como de las y los actores involucrados.<\/p>\n\n\n\n<p>Este ciclo de cine iniciar\u00e1 con la pel\u00edcula animada \u201cLa Princesa Mononoke\u201d (Jap\u00f3n, 1997), escrita y dirigida por Hayao Miyazaki.<\/p>\n\n\n\n<p>Adem\u00e1s, la direcci\u00f3n invita a la ciudadan\u00eda a ser part\u00edcipe del cuidado ambiental mediante la denuncia de cualquier da\u00f1o como ruido, quema de residuos, afectaci\u00f3n de arbolado e invasi\u00f3n de \u00e1reas verdes, llamando al n\u00famero del Departamento de Supervisi\u00f3n y Protecci\u00f3n Ambiental: 22 81 41 60 46 y en la p\u00e1gina web bit.ly\/ReportaDa\u00f1oAmbiental.<\/p>\n\n\n\n<p>De igual forma, a participar en el taller virtual de Lombricomposta, el lunes 23 de enero a las 17:00 horas. Para ello es necesario registrarse llenando el formulario disponible en el sitio web bit.ly\/TallerLom, ya que se trata de un evento con\u00a0cupo\u00a0limitado.<\/p>\n\n\n\n<div class=\"wp-block-image\"><figure class=\"aligncenter size-large is-resized\"><img loading=\"lazy\" decoding=\"async\" src=\"https:\/\/nvnoticias.mx\/wp-content\/uploads\/2023\/01\/Imagen-de-WhatsApp-2023-01-20-a-las-14.19.44-1024x1024.jpg\" alt=\"\" class=\"wp-image-91086\" width=\"550\" height=\"550\" srcset=\"https:\/\/nvnoticias.mx\/wp-content\/uploads\/2023\/01\/Imagen-de-WhatsApp-2023-01-20-a-las-14.19.44-1024x1024.jpg 1024w, https:\/\/nvnoticias.mx\/wp-content\/uploads\/2023\/01\/Imagen-de-WhatsApp-2023-01-20-a-las-14.19.44-300x300.jpg 300w, https:\/\/nvnoticias.mx\/wp-content\/uploads\/2023\/01\/Imagen-de-WhatsApp-2023-01-20-a-las-14.19.44-150x150.jpg 150w, https:\/\/nvnoticias.mx\/wp-content\/uploads\/2023\/01\/Imagen-de-WhatsApp-2023-01-20-a-las-14.19.44-768x768.jpg 768w, https:\/\/nvnoticias.mx\/wp-content\/uploads\/2023\/01\/Imagen-de-WhatsApp-2023-01-20-a-las-14.19.44-600x600.jpg 600w, https:\/\/nvnoticias.mx\/wp-content\/uploads\/2023\/01\/Imagen-de-WhatsApp-2023-01-20-a-las-14.19.44-100x100.jpg 100w, https:\/\/nvnoticias.mx\/wp-content\/uploads\/2023\/01\/Imagen-de-WhatsApp-2023-01-20-a-las-14.19.44.jpg 1280w\" sizes=\"auto, (max-width: 550px) 100vw, 550px\" \/><\/figure><\/div>\n\n\n\n<div class=\"wp-block-image\"><figure class=\"aligncenter size-large is-resized\"><img loading=\"lazy\" decoding=\"async\" src=\"https:\/\/nvnoticias.mx\/wp-content\/uploads\/2023\/01\/Imagen-de-WhatsApp-2023-01-20-a-las-14.19.44-1-1024x682.jpg\" alt=\"\" class=\"wp-image-91087\" width=\"556\" height=\"370\" srcset=\"https:\/\/nvnoticias.mx\/wp-content\/uploads\/2023\/01\/Imagen-de-WhatsApp-2023-01-20-a-las-14.19.44-1-1024x682.jpg 1024w, https:\/\/nvnoticias.mx\/wp-content\/uploads\/2023\/01\/Imagen-de-WhatsApp-2023-01-20-a-las-14.19.44-1-300x200.jpg 300w, https:\/\/nvnoticias.mx\/wp-content\/uploads\/2023\/01\/Imagen-de-WhatsApp-2023-01-20-a-las-14.19.44-1-768x512.jpg 768w, https:\/\/nvnoticias.mx\/wp-content\/uploads\/2023\/01\/Imagen-de-WhatsApp-2023-01-20-a-las-14.19.44-1.jpg 1280w\" sizes=\"auto, (max-width: 556px) 100vw, 556px\" \/><\/figure><\/div>\n","protected":false},"excerpt":{"rendered":"<p>Xalapa, Ver.- En el marco del D\u00eda Mundial de la Educaci\u00f3n Ambiental, el Ayuntamiento, a trav\u00e9s de la Direcci\u00f3n de Medio Ambiente, invita a la poblaci\u00f3n a disfrutar del primer s\u00e1bado de \u201cCine Ambiental\u201d en bajos del Mirador del Cerro de Macuilt\u00e9petl, el 21 de enero a partir de las 11:00 horas. Durante este evento [&hellip;]<\/p>\n","protected":false},"author":8,"featured_media":91088,"comment_status":"open","ping_status":"open","sticky":false,"template":"","format":"standard","meta":{"_monsterinsights_skip_tracking":false,"_monsterinsights_sitenote_active":false,"_monsterinsights_sitenote_note":"","_monsterinsights_sitenote_category":0,"footnotes":""},"categories":[156],"tags":[10426,22690],"class_list":["post-91085","post","type-post","status-publish","format-standard","has-post-thumbnail","hentry","category-estado","tag-ayuntamiento-de-xalapa","tag-cina-ambiental","wp-image-borders"],"amp_enabled":true,"_links":{"self":[{"href":"https:\/\/nvnoticias.mx\/index.php\/wp-json\/wp\/v2\/posts\/91085","targetHints":{"allow":["GET"]}}],"collection":[{"href":"https:\/\/nvnoticias.mx\/index.php\/wp-json\/wp\/v2\/posts"}],"about":[{"href":"https:\/\/nvnoticias.mx\/index.php\/wp-json\/wp\/v2\/types\/post"}],"author":[{"embeddable":true,"href":"https:\/\/nvnoticias.mx\/index.php\/wp-json\/wp\/v2\/users\/8"}],"replies":[{"embeddable":true,"href":"https:\/\/nvnoticias.mx\/index.php\/wp-json\/wp\/v2\/comments?post=91085"}],"version-history":[{"count":1,"href":"https:\/\/nvnoticias.mx\/index.php\/wp-json\/wp\/v2\/posts\/91085\/revisions"}],"predecessor-version":[{"id":91089,"href":"https:\/\/nvnoticias.mx\/index.php\/wp-json\/wp\/v2\/posts\/91085\/revisions\/91089"}],"wp:featuredmedia":[{"embeddable":true,"href":"https:\/\/nvnoticias.mx\/index.php\/wp-json\/wp\/v2\/media\/91088"}],"wp:attachment":[{"href":"https:\/\/nvnoticias.mx\/index.php\/wp-json\/wp\/v2\/media?parent=91085"}],"wp:term":[{"taxonomy":"category","embeddable":true,"href":"https:\/\/nvnoticias.mx\/index.php\/wp-json\/wp\/v2\/categories?post=91085"},{"taxonomy":"post_tag","embeddable":true,"href":"https:\/\/nvnoticias.mx\/index.php\/wp-json\/wp\/v2\/tags?post=91085"}],"curies":[{"name":"wp","href":"https:\/\/api.w.org\/{rel}","templated":true}]}}