{"id":91063,"date":"2023-01-20T14:24:32","date_gmt":"2023-01-20T20:24:32","guid":{"rendered":"https:\/\/nvnoticias.mx\/?p=91063"},"modified":"2023-01-20T14:24:32","modified_gmt":"2023-01-20T20:24:32","slug":"ahued-niega-andar-en-precampana","status":"publish","type":"post","link":"https:\/\/nvnoticias.mx\/index.php\/2023\/01\/20\/ahued-niega-andar-en-precampana\/","title":{"rendered":"Ahued niega andar en &#8220;precampa\u00f1a&#8221;"},"content":{"rendered":"\n<p><strong>Sam Ojeda\u00a0| NV Noticias<\/strong><\/p>\n\n\n\n<p>Xalapa.- El presidente municipal de Xalapa, Ricardo Ahued Bardahuil, neg\u00f3 que est\u00e9 promoviendo actos pol\u00edticos porque aspira a alg\u00fan otro puesto de elecciones popular.\u00a0<\/p>\n\n\n\n<p>Por ello, el alcalde pidi\u00f3 que lo dejen trabajar, y a la poblaci\u00f3n no dejarse enga\u00f1ar con estas rumores.&nbsp;<\/p>\n\n\n\n<blockquote class=\"wp-block-quote is-layout-flow wp-block-quote-is-layout-flow\"><p>&#8220;Ese whats que anda circulando donde alguien dice, &#8216;no hay candidatos pero es Ahued y es otro&#8217; como que es el beso del diablo, p\u00e9gale a Ahued, no, yo no estoy en ese tipo de rollos, el d\u00eda que quiera decir algo lo digo en abierto, con respeto&#8221;.<\/p><\/blockquote>\n\n\n\n<p>Dijo que de cara a las pr\u00f3ximas elecciones cuando el partido Morena decida, habr\u00e1 de simpatizar con proyectos sanos y transparentes.<\/p>\n\n\n\n<blockquote class=\"wp-block-quote is-layout-flow wp-block-quote-is-layout-flow\"><p>\u201cMientras que nos dejen chambear y que no se deje enga\u00f1ar la gente&#8221;.<\/p><\/blockquote>\n\n\n\n<p>Sobre un chat donde supuestamente se est\u00e1 convocando a reuniones donde lo nombran como posible aspirante a la gubernatura del estado por el partido Morena, neg\u00f3 que est\u00e9 en esa contienda ahora.<\/p>\n\n\n\n<blockquote class=\"wp-block-quote is-layout-flow wp-block-quote-is-layout-flow\"><p>&#8220;Yo vi por ah\u00ed un whats y quiere reiterar que ocupan mi nombre sin ninguna autorizaci\u00f3n, que no se dejen enga\u00f1ar, citan a una reuni\u00f3n donde se supone que alguien del partido, y yo soy respetuoso, y le dije acomp\u00e1\u00f1ame porque no se vale que ocupen tu nombre para reuniones donde estamos promoviendo candidaturas, eso es falso\u201d.<\/p><\/blockquote>\n\n\n\n<p>Agreg\u00f3 que \u00e9l no est\u00e1 en ese proceso y que se deber\u00e1n respetar las decisiones internas que haga el partido en los tres niveles para cualquier cargo.<\/p>\n\n\n\n<blockquote class=\"wp-block-quote is-layout-flow wp-block-quote-is-layout-flow\"><p>&#8220;Pero s\u00ed dejo claro, porque hay un whats que me lleg\u00f3, desconozco si es un promotor del partido donde aqu\u00ed cerca de Caxa quer\u00edan una reuni\u00f3n, yo creo que esto se da porque est\u00e1 todo mundo efervescente en este proceso, yo estoy totalmente concentrado en el tema municipal, preparando las bases de un buen gobierno este a\u00f1o&#8221;.<\/p><\/blockquote>\n","protected":false},"excerpt":{"rendered":"<p>Sam Ojeda\u00a0| NV Noticias Xalapa.- El presidente municipal de Xalapa, Ricardo Ahued Bardahuil, neg\u00f3 que est\u00e9 promoviendo actos pol\u00edticos porque aspira a alg\u00fan otro puesto de elecciones popular.\u00a0 Por ello, el alcalde pidi\u00f3 que lo dejen trabajar, y a la poblaci\u00f3n no dejarse enga\u00f1ar con estas rumores.&nbsp; &#8220;Ese whats que anda circulando donde alguien dice, [&hellip;]<\/p>\n","protected":false},"author":7,"featured_media":60633,"comment_status":"open","ping_status":"open","sticky":false,"template":"","format":"standard","meta":{"_monsterinsights_skip_tracking":false,"_monsterinsights_sitenote_active":false,"_monsterinsights_sitenote_note":"","_monsterinsights_sitenote_category":0,"footnotes":""},"categories":[156],"tags":[209,4130,1086],"class_list":["post-91063","post","type-post","status-publish","format-standard","has-post-thumbnail","hentry","category-estado","tag-elecciones","tag-precampana","tag-ricardo-ahued","wp-image-borders"],"amp_enabled":true,"_links":{"self":[{"href":"https:\/\/nvnoticias.mx\/index.php\/wp-json\/wp\/v2\/posts\/91063","targetHints":{"allow":["GET"]}}],"collection":[{"href":"https:\/\/nvnoticias.mx\/index.php\/wp-json\/wp\/v2\/posts"}],"about":[{"href":"https:\/\/nvnoticias.mx\/index.php\/wp-json\/wp\/v2\/types\/post"}],"author":[{"embeddable":true,"href":"https:\/\/nvnoticias.mx\/index.php\/wp-json\/wp\/v2\/users\/7"}],"replies":[{"embeddable":true,"href":"https:\/\/nvnoticias.mx\/index.php\/wp-json\/wp\/v2\/comments?post=91063"}],"version-history":[{"count":1,"href":"https:\/\/nvnoticias.mx\/index.php\/wp-json\/wp\/v2\/posts\/91063\/revisions"}],"predecessor-version":[{"id":91064,"href":"https:\/\/nvnoticias.mx\/index.php\/wp-json\/wp\/v2\/posts\/91063\/revisions\/91064"}],"wp:featuredmedia":[{"embeddable":true,"href":"https:\/\/nvnoticias.mx\/index.php\/wp-json\/wp\/v2\/media\/60633"}],"wp:attachment":[{"href":"https:\/\/nvnoticias.mx\/index.php\/wp-json\/wp\/v2\/media?parent=91063"}],"wp:term":[{"taxonomy":"category","embeddable":true,"href":"https:\/\/nvnoticias.mx\/index.php\/wp-json\/wp\/v2\/categories?post=91063"},{"taxonomy":"post_tag","embeddable":true,"href":"https:\/\/nvnoticias.mx\/index.php\/wp-json\/wp\/v2\/tags?post=91063"}],"curies":[{"name":"wp","href":"https:\/\/api.w.org\/{rel}","templated":true}]}}