{"id":91060,"date":"2023-01-20T14:30:17","date_gmt":"2023-01-20T20:30:17","guid":{"rendered":"https:\/\/nvnoticias.mx\/?p=91060"},"modified":"2023-01-20T14:30:18","modified_gmt":"2023-01-20T20:30:18","slug":"se-considera-jose-antonio-meade-optimista-sobre-la-relacion-entre-mexico-y-eu","status":"publish","type":"post","link":"https:\/\/nvnoticias.mx\/index.php\/2023\/01\/20\/se-considera-jose-antonio-meade-optimista-sobre-la-relacion-entre-mexico-y-eu\/","title":{"rendered":"Se considera Jos\u00e9 Antonio Meade optimista sobre la relaci\u00f3n entre M\u00e9xico y EU"},"content":{"rendered":"\n<p>El excanciller Jos\u00e9 Antonio Meade dijo este viernes que es \u201coptimista\u201d sobre el futuro de la relaci\u00f3n entre M\u00e9xico y Estados Unidos&nbsp;<strong>gracias a los resultados de la reciente Cumbre de L\u00edderes de Norteam\u00e9rica.<\/strong><\/p>\n\n\n\n<p>Meade particip\u00f3 en un debate virtual del centro de estudios Wilson, en Washington, para valorar la cumbre que reuni\u00f3 la semana pasada en la capital mexicana a los mandatarios de M\u00e9xico, Andr\u00e9s Manuel L\u00f3pez Obrador, de Estados Unidos, Joe Biden; y de Canad\u00e1, Justin Trudeau.<\/p>\n\n\n\n<p>El excanciller (2012-2015), quien se enfrent\u00f3 a L\u00f3pez Obrador en las presidenciales de 2018,<strong>&nbsp;se\u00f1al\u00f3 que la vecindad entre M\u00e9xico y Estados Unidos \u201ces muy complicada\u201d por temas como la seguridad fronteriza o la inmigraci\u00f3n.<\/strong><\/p>\n\n\n\n<p>Dijo que esto supuso \u201cun gran reto\u201d cuando fue secretario de Relaciones Exteriores en el Gobierno de Enrique Pe\u00f1a Nieto, pero tras la cumbre asegur\u00f3 estar \u201c<strong>muy optimista porque se profundiz\u00f3 la agenda\u201d de cooperaci\u00f3n entre ambos pa\u00edses.<\/strong><\/p>\n\n\n\n<p>Meade cit\u00f3 los trabajos para la fabricaci\u00f3n de veh\u00edculos el\u00e9ctricos y semiconductores en la regi\u00f3n, y opin\u00f3 que en la reuni\u00f3n \u201cse revivi\u00f3 la idea de Norteam\u00e9rica\u201d.<\/p>\n\n\n\n<p>El excanciller exhort\u00f3 a los Gobiernos de M\u00e9xico y Estados Unidos a buscar \u201cm\u00e1s tiempo\u201d para ahondar en su agenda com\u00fan, algo a veces complicado ya que Estados Unidos est\u00e1 involucrado en \u201cmuchos temas globales\u201d.<\/p>\n\n\n\n<p>Tambi\u00e9n opin\u00f3 que M\u00e9xico y Canad\u00e1<strong>&nbsp;\u201ctienen que hacer m\u00e1s\u201d porque su relaci\u00f3n no est\u00e1 \u201csuficientemente desarrollada\u201d.<\/strong><\/p>\n\n\n\n<p>En la charla, Luz Mar\u00eda de la Mora, quien trabaj\u00f3 como subsecretaria de Comercio Exterior en el Gobierno de L\u00f3pez Obrador, opin\u00f3 que la cumbre \u201cfue un muy buen encuentro\u201d en el que se demostr\u00f3 que el tratado de libre comercio T-MEC funciona bien.<\/p>\n\n\n\n<p>Por su parte, el exembajador de Estados Unidos en M\u00e9xico Earl Wayne (2011-2015)\u00a0<strong>tambi\u00e9n celebr\u00f3 el resultado de la cumbre porque, dijo, hasta ahora no hab\u00eda habido un compromiso claro de los tres pa\u00edses en favor de las energ\u00edas limpias y la protecci\u00f3n del medio ambiente.<\/strong><\/p>\n\n\n\n<p>El diplom\u00e1tico estadounidense se\u00f1al\u00f3, no obstante, que los tres Gobiernos deben trabajar m\u00e1s para atender la crisis migratoria regional, as\u00ed como el tr\u00e1fico de metanfetaminas, que ha provocado cifras r\u00e9cord de sobredosis en Estados Unidos.<\/p>\n\n\n\n<p>Mientras que la diplom\u00e1tica canadiense Louise Blais destac\u00f3 de la cumbre el mensaje de L\u00f3pez Obrador de que&nbsp;<strong>\u201cjuntos somos m\u00e1s fuertes en Norteam\u00e9rica\u201d y su iniciativa de crear un comit\u00e9 para sustituir las importaciones de Asia.<\/strong><\/p>\n\n\n\n<p>A su juicio, el presidente mexicano no hab\u00eda sido \u201cclaro\u201d hasta ahora sobre este tema y en la cumbre<strong>\u00a0se demostr\u00f3 que L\u00f3pez Obrador \u201ccree\u201d en la unidad de Am\u00e9rica del Norte.\u00a0<\/strong><\/p>\n\n\n\n<p>Fuente: Forbes<\/p>\n","protected":false},"excerpt":{"rendered":"<p>El excanciller Jos\u00e9 Antonio Meade dijo este viernes que es \u201coptimista\u201d sobre el futuro de la relaci\u00f3n entre M\u00e9xico y Estados Unidos&nbsp;gracias a los resultados de la reciente Cumbre de L\u00edderes de Norteam\u00e9rica. Meade particip\u00f3 en un debate virtual del centro de estudios Wilson, en Washington, para valorar la cumbre que reuni\u00f3 la semana pasada [&hellip;]<\/p>\n","protected":false},"author":35,"featured_media":91065,"comment_status":"open","ping_status":"open","sticky":false,"template":"","format":"standard","meta":{"_monsterinsights_skip_tracking":false,"_monsterinsights_sitenote_active":false,"_monsterinsights_sitenote_note":"","_monsterinsights_sitenote_category":0,"footnotes":""},"categories":[158],"tags":[183,22681,292,22682,7446,22680],"class_list":["post-91060","post","type-post","status-publish","format-standard","has-post-thumbnail","hentry","category-politica","tag-estados-unidos","tag-jose-antonio-meade","tag-mexico","tag-optimista","tag-relacion","tag-se-considera","wp-image-borders"],"amp_enabled":true,"_links":{"self":[{"href":"https:\/\/nvnoticias.mx\/index.php\/wp-json\/wp\/v2\/posts\/91060","targetHints":{"allow":["GET"]}}],"collection":[{"href":"https:\/\/nvnoticias.mx\/index.php\/wp-json\/wp\/v2\/posts"}],"about":[{"href":"https:\/\/nvnoticias.mx\/index.php\/wp-json\/wp\/v2\/types\/post"}],"author":[{"embeddable":true,"href":"https:\/\/nvnoticias.mx\/index.php\/wp-json\/wp\/v2\/users\/35"}],"replies":[{"embeddable":true,"href":"https:\/\/nvnoticias.mx\/index.php\/wp-json\/wp\/v2\/comments?post=91060"}],"version-history":[{"count":1,"href":"https:\/\/nvnoticias.mx\/index.php\/wp-json\/wp\/v2\/posts\/91060\/revisions"}],"predecessor-version":[{"id":91066,"href":"https:\/\/nvnoticias.mx\/index.php\/wp-json\/wp\/v2\/posts\/91060\/revisions\/91066"}],"wp:featuredmedia":[{"embeddable":true,"href":"https:\/\/nvnoticias.mx\/index.php\/wp-json\/wp\/v2\/media\/91065"}],"wp:attachment":[{"href":"https:\/\/nvnoticias.mx\/index.php\/wp-json\/wp\/v2\/media?parent=91060"}],"wp:term":[{"taxonomy":"category","embeddable":true,"href":"https:\/\/nvnoticias.mx\/index.php\/wp-json\/wp\/v2\/categories?post=91060"},{"taxonomy":"post_tag","embeddable":true,"href":"https:\/\/nvnoticias.mx\/index.php\/wp-json\/wp\/v2\/tags?post=91060"}],"curies":[{"name":"wp","href":"https:\/\/api.w.org\/{rel}","templated":true}]}}