{"id":91035,"date":"2023-01-20T12:59:06","date_gmt":"2023-01-20T18:59:06","guid":{"rendered":"https:\/\/nvnoticias.mx\/?p=91035"},"modified":"2023-01-20T12:59:06","modified_gmt":"2023-01-20T18:59:06","slug":"costa-rica-busca-ruta-maritima-con-mexico-seria-un-ferry-y-llegaria-a-veracruz","status":"publish","type":"post","link":"https:\/\/nvnoticias.mx\/index.php\/2023\/01\/20\/costa-rica-busca-ruta-maritima-con-mexico-seria-un-ferry-y-llegaria-a-veracruz\/","title":{"rendered":"Costa Rica busca ruta mar\u00edtima con M\u00e9xico; ser\u00eda un ferry y llegar\u00eda a Veracruz"},"content":{"rendered":"\n<p><strong>Jes\u00fas Utrilla \/ NV Noticias<\/strong><\/p>\n\n\n\n<p>Costa Rica busca conectarse con Veracruz a trav\u00e9s de un ferry, de esa forma habr\u00eda mayor movimiento de personas y mercanc\u00edas, dijo el embajador costarricense en M\u00e9xico, Pablo Heriberto Abarca.&nbsp;<\/p>\n\n\n\n<p>Explic\u00f3 que Costa Rica considera al Puerto de Veracruz como un detonante de la econom\u00eda por ello buscan que empresarios vayan a invertir all\u00e1.<\/p>\n\n\n\n<p>Se tratar\u00e1 de incentivar el turismo con una ruta mar\u00edtima que pasar\u00eda por El Salvador.<\/p>\n\n\n\n<p>Sin embargo, aclar\u00f3 que se trata de un proyecto que tardar\u00e1 en concretarse pues se requiere de la participaci\u00f3n de las naciones involucradas.<\/p>\n\n\n\n<blockquote class=\"wp-block-quote is-layout-flow wp-block-quote-is-layout-flow\"><p>\u201c<em>Son conversaciones muy preliminares pero me parece que ser\u00eda un tema muy concreto y obviamente existen empresarios costarricenses interesados en invertir en M\u00e9xico y estamos en la misi\u00f3n de conocer a empresarios veracruzanos que quieran invertir en Costa Rica<\/em>\u201d.<\/p><\/blockquote>\n\n\n\n<p>Actualmente M\u00e9xico y Costa Rica intercambian textiles y agroalimentaci\u00f3n. Recientemente se aprobaron facilidades para que empresarios inviertan el pa\u00eds centroamericano. Por ello una misi\u00f3n arrib\u00f3 a Veracruz para dar a conocer las bondades de aquel pa\u00eds.<\/p>\n\n\n\n<blockquote class=\"wp-block-quote is-layout-flow wp-block-quote-is-layout-flow\"><p>\u201c<em>Andamos en la misi\u00f3n de conocer a veracruzanos que quieran ir a invertir a las costas de Costa Rica, pueden utilizar incentivos fiscales con cargas diferenciales. La ley que se aprob\u00f3 hace pocos meses en Costa Rica implica qu\u00e9 hay un r\u00e9gimen diferenciado de renta y cargas sociales, pero deben de establecerse fuera del gran \u00e1rea metropolitana del pa\u00eds<\/em>\u201d.<\/p><\/blockquote>\n","protected":false},"excerpt":{"rendered":"<p>Jes\u00fas Utrilla \/ NV Noticias Costa Rica busca conectarse con Veracruz a trav\u00e9s de un ferry, de esa forma habr\u00eda mayor movimiento de personas y mercanc\u00edas, dijo el embajador costarricense en M\u00e9xico, Pablo Heriberto Abarca.&nbsp; Explic\u00f3 que Costa Rica considera al Puerto de Veracruz como un detonante de la econom\u00eda por ello buscan que empresarios [&hellip;]<\/p>\n","protected":false},"author":8,"featured_media":91039,"comment_status":"open","ping_status":"open","sticky":false,"template":"","format":"standard","meta":{"_monsterinsights_skip_tracking":false,"_monsterinsights_sitenote_active":false,"_monsterinsights_sitenote_note":"","_monsterinsights_sitenote_category":0,"footnotes":""},"categories":[154],"tags":[2455,292,22672],"class_list":["post-91035","post","type-post","status-publish","format-standard","has-post-thumbnail","hentry","category-veracruz","tag-costa-rica","tag-mexico","tag-ruta-maritima","wp-image-borders"],"amp_enabled":true,"_links":{"self":[{"href":"https:\/\/nvnoticias.mx\/index.php\/wp-json\/wp\/v2\/posts\/91035","targetHints":{"allow":["GET"]}}],"collection":[{"href":"https:\/\/nvnoticias.mx\/index.php\/wp-json\/wp\/v2\/posts"}],"about":[{"href":"https:\/\/nvnoticias.mx\/index.php\/wp-json\/wp\/v2\/types\/post"}],"author":[{"embeddable":true,"href":"https:\/\/nvnoticias.mx\/index.php\/wp-json\/wp\/v2\/users\/8"}],"replies":[{"embeddable":true,"href":"https:\/\/nvnoticias.mx\/index.php\/wp-json\/wp\/v2\/comments?post=91035"}],"version-history":[{"count":1,"href":"https:\/\/nvnoticias.mx\/index.php\/wp-json\/wp\/v2\/posts\/91035\/revisions"}],"predecessor-version":[{"id":91040,"href":"https:\/\/nvnoticias.mx\/index.php\/wp-json\/wp\/v2\/posts\/91035\/revisions\/91040"}],"wp:featuredmedia":[{"embeddable":true,"href":"https:\/\/nvnoticias.mx\/index.php\/wp-json\/wp\/v2\/media\/91039"}],"wp:attachment":[{"href":"https:\/\/nvnoticias.mx\/index.php\/wp-json\/wp\/v2\/media?parent=91035"}],"wp:term":[{"taxonomy":"category","embeddable":true,"href":"https:\/\/nvnoticias.mx\/index.php\/wp-json\/wp\/v2\/categories?post=91035"},{"taxonomy":"post_tag","embeddable":true,"href":"https:\/\/nvnoticias.mx\/index.php\/wp-json\/wp\/v2\/tags?post=91035"}],"curies":[{"name":"wp","href":"https:\/\/api.w.org\/{rel}","templated":true}]}}