{"id":91029,"date":"2023-01-20T12:18:01","date_gmt":"2023-01-20T18:18:01","guid":{"rendered":"https:\/\/nvnoticias.mx\/?p=91029"},"modified":"2023-01-20T12:18:03","modified_gmt":"2023-01-20T18:18:03","slug":"rinde-protesta-el-comite-directivo-de-la-aaaver-para-el-periodo-2023-2024","status":"publish","type":"post","link":"https:\/\/nvnoticias.mx\/index.php\/2023\/01\/20\/rinde-protesta-el-comite-directivo-de-la-aaaver-para-el-periodo-2023-2024\/","title":{"rendered":"Rinde protesta el Comit\u00e9 Directivo de la AAAVER para el Periodo 2023-2024"},"content":{"rendered":"\n<p><strong>Jes\u00fas Utrilla \/ NV Noticias<\/strong><\/p>\n\n\n\n<p>Rindi\u00f3 protesta el Comit\u00e9 Directivo de la Asociaci\u00f3n de Agentes Aduanales del Puerto de Veracruz, para el Periodo 2023-2024. <\/p>\n\n\n\n<p>El Presidente de la AAAVER, el C.P. Marco Antonio Sansores Ram\u00edrez, estuvo acompa\u00f1ado del Lic. Enrique De Jes\u00fas Nach\u00f3n Garc\u00eda, Secretario de Desarrollo Econ\u00f3mico y Portuario de Veracruz; del Presidente de la Confederaci\u00f3n de Asociaciones de Agentes Aduanales de la Rep\u00fablica Mexicana, Lic. Luis Ernesto Rodr\u00edguez Gil; del Lic. Mario Gerardo Delf\u00edn V\u00e1zquez, Director de Desarrollo Econ\u00f3mico y Turismo del Ayuntamiento de Veracruz; la S\u00edndica \u00danica de Boca del R\u00edo, Arq. Susana Tiburcio Galicia, los Agentes Aduanales asociados, Agentes Aduanales Honorarios, as\u00ed como a sus acompa\u00f1antes, entre otros.\u00a0 <\/p>\n\n\n\n<p>El Agente Aduanal, el Lic. Luis Ernesto Rodr\u00edguez Gil, presidente de la Confederaci\u00f3n de Asociaciones de Agentes Aduanales de la Rep\u00fablica Mexicana, tom\u00f3 la protesta de los nuevos integrantes del Comit\u00e9 Directivo de la Asociaci\u00f3n de Agentes Aduanales del Puerto de Veracruz para el periodo 2023-2024, as\u00ed como a la Comisi\u00f3n de Honor y Justicia para el periodo 2023. <\/p>\n\n\n\n<p>El Director de la AAAVER, el Lic. Jorge D\u00edaz Arce, dio el uso de la voz a los Agentes Aduanales Jos\u00e9 Antonio De la Fuente Quinza\u00f1os y Ricardo Beristain Saucedo, as\u00ed como a representantes de las distintas Asociaci\u00f3n de Agentes Aduanales del pa\u00eds, quienes entregaron un reconocimiento al A.A. Manuel H. Reynaud Agiss, por la excelente labor que llev\u00f3 a cabo como Presidente del Comit\u00e9 Directivo durante el periodo 2020-2022. <\/p>\n\n\n\n<p>El Presidente de la AAAVER, el C.P. Marco Antonio Sansores Ram\u00edrez, reiter\u00f3 su compromiso con los Agentes Aduanales de Veracruz para trabajar en pro del crecimiento econ\u00f3mico y la actividad del comercio internacional. <\/p>\n\n\n\n<p>El nuevo Comit\u00e9 Directivo est\u00e1 integrado de la siguiente manera: <\/p>\n\n\n\n<p>Marco Antonio Sansores Ram\u00edrez, Presidente del Comit\u00e9 Directivo. <\/p>\n\n\n\n<p>Alfredo Deschamps Beverido, 1er Vicepresidente. <\/p>\n\n\n\n<p>C\u00e9sar Eduardo B\u00e9lchez Descalzo, Secretario. <\/p>\n\n\n\n<p>Mar\u00eda del Mar Homs Mu\u00f1oz, Tesorera.\u00a0<\/p>\n\n\n\n<p>Los Vicepresidentes son: <\/p>\n\n\n\n<p>Alejandra Ram\u00edrez Bustamante, Antonio O. Ba\u00f1uelos Solis, Carlos Miguel Reyes D\u00edaz, Jos\u00e9 Antonio De la Fuente Quinza\u00f1os, Luis Enrique De la Cruz Reyes , Martha De la Garza Gonz\u00e1lez, Ricardo Beristain Saucedo, Carlos Felipe Zendejas Portugal.\u00a0<\/p>\n\n\n\n<p>Por su parte los integrantes de la Comisi\u00f3n de Honor y Justicia para el periodo 2023 son: <\/p>\n\n\n\n<p>Manuel Reynaud Agiss, Presidente. <\/p>\n\n\n\n<p>Jorge Homs Quiroga, Vocal. <\/p>\n\n\n\n<p>Mar\u00eda de Lourdes S\u00e1nchez Guill\u00e9n, Vocal suplente. <\/p>\n\n\n\n<p>Arturo An\u00edbal Reyes Rosas, Vocal. <\/p>\n\n\n\n<p>Al finalizar el acto protocolario inici\u00f3 el elenco art\u00edstico a cargo de Gustavo Lara.<\/p>\n","protected":false},"excerpt":{"rendered":"<p>Jes\u00fas Utrilla \/ NV Noticias Rindi\u00f3 protesta el Comit\u00e9 Directivo de la Asociaci\u00f3n de Agentes Aduanales del Puerto de Veracruz, para el Periodo 2023-2024. El Presidente de la AAAVER, el C.P. Marco Antonio Sansores Ram\u00edrez, estuvo acompa\u00f1ado del Lic. Enrique De Jes\u00fas Nach\u00f3n Garc\u00eda, Secretario de Desarrollo Econ\u00f3mico y Portuario de Veracruz; del Presidente de [&hellip;]<\/p>\n","protected":false},"author":8,"featured_media":91031,"comment_status":"open","ping_status":"open","sticky":false,"template":"","format":"standard","meta":{"_monsterinsights_skip_tracking":false,"_monsterinsights_sitenote_active":false,"_monsterinsights_sitenote_note":"","_monsterinsights_sitenote_category":0,"footnotes":""},"categories":[154],"tags":[22670,3492],"class_list":["post-91029","post","type-post","status-publish","format-standard","has-post-thumbnail","hentry","category-veracruz","tag-aaaver","tag-protesta","wp-image-borders"],"amp_enabled":true,"_links":{"self":[{"href":"https:\/\/nvnoticias.mx\/index.php\/wp-json\/wp\/v2\/posts\/91029","targetHints":{"allow":["GET"]}}],"collection":[{"href":"https:\/\/nvnoticias.mx\/index.php\/wp-json\/wp\/v2\/posts"}],"about":[{"href":"https:\/\/nvnoticias.mx\/index.php\/wp-json\/wp\/v2\/types\/post"}],"author":[{"embeddable":true,"href":"https:\/\/nvnoticias.mx\/index.php\/wp-json\/wp\/v2\/users\/8"}],"replies":[{"embeddable":true,"href":"https:\/\/nvnoticias.mx\/index.php\/wp-json\/wp\/v2\/comments?post=91029"}],"version-history":[{"count":1,"href":"https:\/\/nvnoticias.mx\/index.php\/wp-json\/wp\/v2\/posts\/91029\/revisions"}],"predecessor-version":[{"id":91032,"href":"https:\/\/nvnoticias.mx\/index.php\/wp-json\/wp\/v2\/posts\/91029\/revisions\/91032"}],"wp:featuredmedia":[{"embeddable":true,"href":"https:\/\/nvnoticias.mx\/index.php\/wp-json\/wp\/v2\/media\/91031"}],"wp:attachment":[{"href":"https:\/\/nvnoticias.mx\/index.php\/wp-json\/wp\/v2\/media?parent=91029"}],"wp:term":[{"taxonomy":"category","embeddable":true,"href":"https:\/\/nvnoticias.mx\/index.php\/wp-json\/wp\/v2\/categories?post=91029"},{"taxonomy":"post_tag","embeddable":true,"href":"https:\/\/nvnoticias.mx\/index.php\/wp-json\/wp\/v2\/tags?post=91029"}],"curies":[{"name":"wp","href":"https:\/\/api.w.org\/{rel}","templated":true}]}}