{"id":90976,"date":"2023-01-20T09:50:40","date_gmt":"2023-01-20T15:50:40","guid":{"rendered":"https:\/\/nvnoticias.mx\/?p=90976"},"modified":"2023-01-20T09:50:41","modified_gmt":"2023-01-20T15:50:41","slug":"detienen-a-dani-alves-por-presunta-agresion-sexual","status":"publish","type":"post","link":"https:\/\/nvnoticias.mx\/index.php\/2023\/01\/20\/detienen-a-dani-alves-por-presunta-agresion-sexual\/","title":{"rendered":"Detienen a Dani Alves por presunta agresi\u00f3n sexual"},"content":{"rendered":"\n<p>El futbolista&nbsp;<strong>Dani Alves<\/strong>&nbsp;fue detenido este viernes por una presunta agresi\u00f3n sexual cometida en diciembre del a\u00f1o pasado contra una mujer en discoteca de Barcelona.&nbsp;<\/p>\n\n\n\n<p>El fubolista de los&nbsp;<strong>Pumas&nbsp;<\/strong>fue detenido en Barcelona despu\u00e9s de que acudiera voluntariamente a rendir su declaraci\u00f3n ante las autoridades.<\/p>\n\n\n\n<p>El futbolista fue llevado ante el Juzgado de Instrucci\u00f3n para que declare como investigado.<\/p>\n\n\n\n<p>Seg\u00fan han informado  fuentes cercanas al caso, los agentes han tomado declaraci\u00f3n esta ma\u00f1ana al futbolista en la comisar\u00eda barcelonesa de Les Corts, a ra\u00edz de la denuncia presentada por la mujer a la que presuntamente agredi\u00f3 sexualmente.<\/p>\n\n\n\n<p>El 2 de enero, la polic\u00eda catalana recibi\u00f3 la denuncia de una mujer que afirmaba haber sufrido tocamientos indeseados por parte del futbolista, explicaron a la AFP fuentes policiales.<\/p>\n\n\n\n<p>Los hechos habr\u00edan ocurrido en una discoteca de&nbsp;<strong>Barcelona<\/strong>&nbsp;en la noche del 30 al 31 de diciembre, de acuerdo a la prensa local.&nbsp;<\/p>\n\n\n\n<p>En un mensaje en video transmitido a la televisi\u00f3n Antena 3 el 5 de enero,\u00a0<strong>Dani Alves<\/strong>\u00a0neg\u00f3 los hechos.<br>&#8220;No la conozco, nunca la vi&#8221;, dijo sobre la denunciante. &#8220;Me gustar\u00eda desmentir todo&#8221;, a\u00f1adi\u00f3, confirmando que estuvo en la discoteca &#8220;disfrutando&#8221; pero &#8220;sin invadir el espacio de los dem\u00e1s&#8221;.<\/p>\n\n\n\n<p>Fuente:<a href=\"https:\/\/www.eluniversal.com.mx\/universal-deportes\/dani-alves-es-detenido-por-presunta-agresion-sexual-en-barcelona\" data-type=\"URL\" data-id=\"https:\/\/www.eluniversal.com.mx\/universal-deportes\/dani-alves-es-detenido-por-presunta-agresion-sexual-en-barcelona\"> El Universal<\/a><\/p>\n","protected":false},"excerpt":{"rendered":"<p>El futbolista&nbsp;Dani Alves&nbsp;fue detenido este viernes por una presunta agresi\u00f3n sexual cometida en diciembre del a\u00f1o pasado contra una mujer en discoteca de Barcelona.&nbsp; El fubolista de los&nbsp;Pumas&nbsp;fue detenido en Barcelona despu\u00e9s de que acudiera voluntariamente a rendir su declaraci\u00f3n ante las autoridades. El futbolista fue llevado ante el Juzgado de Instrucci\u00f3n para que declare [&hellip;]<\/p>\n","protected":false},"author":35,"featured_media":73497,"comment_status":"open","ping_status":"open","sticky":false,"template":"","format":"standard","meta":{"_monsterinsights_skip_tracking":false,"_monsterinsights_sitenote_active":false,"_monsterinsights_sitenote_note":"","_monsterinsights_sitenote_category":0,"footnotes":""},"categories":[159],"tags":[5298,540,17616,5841,9553],"class_list":["post-90976","post","type-post","status-publish","format-standard","has-post-thumbnail","hentry","category-deportes","tag-agresion-sexual","tag-barcelona","tag-dani-alves","tag-detienen","tag-presunta","wp-image-borders"],"amp_enabled":true,"_links":{"self":[{"href":"https:\/\/nvnoticias.mx\/index.php\/wp-json\/wp\/v2\/posts\/90976","targetHints":{"allow":["GET"]}}],"collection":[{"href":"https:\/\/nvnoticias.mx\/index.php\/wp-json\/wp\/v2\/posts"}],"about":[{"href":"https:\/\/nvnoticias.mx\/index.php\/wp-json\/wp\/v2\/types\/post"}],"author":[{"embeddable":true,"href":"https:\/\/nvnoticias.mx\/index.php\/wp-json\/wp\/v2\/users\/35"}],"replies":[{"embeddable":true,"href":"https:\/\/nvnoticias.mx\/index.php\/wp-json\/wp\/v2\/comments?post=90976"}],"version-history":[{"count":5,"href":"https:\/\/nvnoticias.mx\/index.php\/wp-json\/wp\/v2\/posts\/90976\/revisions"}],"predecessor-version":[{"id":90981,"href":"https:\/\/nvnoticias.mx\/index.php\/wp-json\/wp\/v2\/posts\/90976\/revisions\/90981"}],"wp:featuredmedia":[{"embeddable":true,"href":"https:\/\/nvnoticias.mx\/index.php\/wp-json\/wp\/v2\/media\/73497"}],"wp:attachment":[{"href":"https:\/\/nvnoticias.mx\/index.php\/wp-json\/wp\/v2\/media?parent=90976"}],"wp:term":[{"taxonomy":"category","embeddable":true,"href":"https:\/\/nvnoticias.mx\/index.php\/wp-json\/wp\/v2\/categories?post=90976"},{"taxonomy":"post_tag","embeddable":true,"href":"https:\/\/nvnoticias.mx\/index.php\/wp-json\/wp\/v2\/tags?post=90976"}],"curies":[{"name":"wp","href":"https:\/\/api.w.org\/{rel}","templated":true}]}}